{"id":187514,"date":"2021-06-09T14:45:03","date_gmt":"2021-06-09T12:45:03","guid":{"rendered":"https:\/\/zjarr.tv\/?p=187514"},"modified":"2021-06-09T14:45:03","modified_gmt":"2021-06-09T12:45:03","slug":"lefter-maliqi-ilir-meten-do-ta-keni-edhe-30-vite-ne-politike","status":"publish","type":"post","link":"https:\/\/zjarr.tv\/en\/lefter-maliqi-ilir-meten-do-ta-keni-edhe-30-vite-ne-politike\/","title":{"rendered":"Lefter Maliqi: Ilir Met\u00ebn do ta keni edhe 30 vite n\u00eb politik\u00eb\u2026"},"content":{"rendered":"<p style=\"margin-top: 0in; background: white;\"><span style=\"color: #212529;\">Deputeti Lefter Maliqi, ka shprehur edhe nj\u00ebher\u00eb hapur vot\u00ebn e tij kund\u00ebr shkarkimit t\u00eb Presidentit Ilir Meta. Nga foltorja e Kuvendit me tone t\u00eb ashpra, Maliqi e cil\u00ebsoi si votim monist at\u00eb q\u00eb do t\u00eb b\u00ebhet sot, duke e konsideruar si at\u00eb t\u00eb 30 Qershorit.<\/span><\/p>\n<p style=\"margin-top: 0in; background: white; box-sizing: border-box; margin-bottom: 1rem; font-variant-ligatures: normal; font-variant-caps: normal; orphans: 2; widows: 2; -webkit-text-stroke-width: 0px; text-decoration-thickness: initial; text-decoration-style: initial; text-decoration-color: initial; word-spacing: 0px;\"><span style=\"color: #212529;\">Deputeti tha duke iu drejtuar t\u00eb pranishm\u00ebve n\u00eb sall\u00eb, se Ilir Meta do t\u00eb jet\u00eb n\u00eb politik\u00eb edhe 30 vite.<\/span><\/p>\n<p style=\"margin-top: 0in; background: white; box-sizing: border-box; margin-bottom: 1rem; font-variant-ligatures: normal; font-variant-caps: normal; orphans: 2; widows: 2; -webkit-text-stroke-width: 0px; text-decoration-thickness: initial; text-decoration-style: initial; text-decoration-color: initial; word-spacing: 0px;\"><em style=\"box-sizing: border-box;\"><span style=\"color: #212529;\">\u201cFoli k\u00ebtu si Esat Toptani (Rama) dhe flet p\u00ebr tradhti. Ai \u00ebsht\u00eb kryetradhtar. Sot \u00ebsht\u00eb nj\u00eb nj\u00eb flet\u00ebrrufe e dyt\u00eb. Ky komision p\u00ebrb\u00ebhet nga deputet\u00eb q\u00eb nuk do jen\u00eb m\u00eb n\u00eb Kuvend. Vota ime \u00ebsht\u00eb e hapur kund\u00ebr k\u00ebtij akti t\u00eb turpsh\u00ebm. Ai \u00a0q\u00eb ju dha dor\u00ebn dhe ju e b\u00ebt\u00eb president t\u00eb jeni t\u00eb bindur se pavar\u00ebsisht gajasjes do e keni t\u00eb pakt\u00ebn edhe 30 vjet n\u00eb politik\u00eb. Ky masakroi me zgjedhjet e 25 prillit. Votimi i sotsh\u00ebm do jot si ai i 30 qershor monist, n\u00eb rresht t\u00eb gjith\u00eb. Parlamenti \u00ebsht\u00eb i kapur. Ka vepruar kund\u00ebr interesave t\u00eb shqiptar\u00ebve<\/span><\/em><span style=\"color: #212529;\">.<\/span><\/p>","protected":false},"excerpt":{"rendered":"<p>Deputeti Lefter Maliqi, ka shprehur edhe nj\u00ebher\u00eb hapur vot\u00ebn e tij kund\u00ebr shkarkimit t\u00eb Presidentit Ilir Meta. Nga foltorja e Kuvendit me tone t\u00eb ashpra, Maliqi e cil\u00ebsoi si votim monist at\u00eb q\u00eb do t\u00eb b\u00ebhet sot, duke e konsideruar si at\u00eb t\u00eb 30 Qershorit. Deputeti tha duke iu drejtuar t\u00eb pranishm\u00ebve n\u00eb sall\u00eb, se [&hellip;]<\/p>\n","protected":false},"author":2016,"featured_media":187516,"comment_status":"closed","ping_status":"closed","sticky":false,"template":"","format":"standard","meta":{"footnotes":""},"categories":[241],"tags":[3685],"class_list":{"0":"post-187514","1":"post","2":"type-post","3":"status-publish","4":"format-standard","5":"has-post-thumbnail","7":"category-aktualitet","8":"tag-lajme-zjarr-lefter-maliqi-zjarr-tv"},"_links":{"self":[{"href":"https:\/\/zjarr.tv\/en\/wp-json\/wp\/v2\/posts\/187514","targetHints":{"allow":["GET"]}}],"collection":[{"href":"https:\/\/zjarr.tv\/en\/wp-json\/wp\/v2\/posts"}],"about":[{"href":"https:\/\/zjarr.tv\/en\/wp-json\/wp\/v2\/types\/post"}],"author":[{"embeddable":true,"href":"https:\/\/zjarr.tv\/en\/wp-json\/wp\/v2\/users\/2016"}],"replies":[{"embeddable":true,"href":"https:\/\/zjarr.tv\/en\/wp-json\/wp\/v2\/comments?post=187514"}],"version-history":[{"count":0,"href":"https:\/\/zjarr.tv\/en\/wp-json\/wp\/v2\/posts\/187514\/revisions"}],"wp:featuredmedia":[{"embeddable":true,"href":"https:\/\/zjarr.tv\/en\/wp-json\/wp\/v2\/media\/187516"}],"wp:attachment":[{"href":"https:\/\/zjarr.tv\/en\/wp-json\/wp\/v2\/media?parent=187514"}],"wp:term":[{"taxonomy":"category","embeddable":true,"href":"https:\/\/zjarr.tv\/en\/wp-json\/wp\/v2\/categories?post=187514"},{"taxonomy":"post_tag","embeddable":true,"href":"https:\/\/zjarr.tv\/en\/wp-json\/wp\/v2\/tags?post=187514"}],"curies":[{"name":"wp","href":"https:\/\/api.w.org\/{rel}","templated":true}]}}