{"id":187520,"date":"2021-06-09T15:09:57","date_gmt":"2021-06-09T13:09:57","guid":{"rendered":"https:\/\/zjarr.tv\/?p=187520"},"modified":"2021-06-09T15:09:57","modified_gmt":"2021-06-09T13:09:57","slug":"rama-voton-ne-menyre-demostrative-per-meten-nuk-shkon-fare-te-dhoma-e-fshehte","status":"publish","type":"post","link":"https:\/\/zjarr.tv\/en\/rama-voton-ne-menyre-demostrative-per-meten-nuk-shkon-fare-te-dhoma-e-fshehte\/","title":{"rendered":"Rama voton n\u00eb m\u00ebnyr\u00eb demostrative p\u00ebr Met\u00ebn, nuk shkon fare te dhoma e fsheht\u00eb\u2026"},"content":{"rendered":"<p style=\"line-height: 19.5pt; background: white; margin: 0in 0in 18.75pt 0in;\"><span style=\"color: #2c2f34;\">Kryeministri Edi Rama, ka votuar n\u00eb m\u00ebnyr\u00eb demostrative p\u00ebr shkarkimin e Presidentit Meta, duke mos shkuar fare n\u00eb dhomat e fshehta. <\/span><span style=\"color: #2c2f34;\">Rama zgjodhi q\u00eb t\u00eb votonte duke e vendosur kryqin n\u00eb flet\u00ebn e votimit, n\u00eb foltoren q\u00eb p\u00ebrdoret p\u00ebr t\u00eb folur nga ana e deputet\u00ebve. <\/span><span style=\"color: #2c2f34;\">N\u00eb ndryshim nga gjith\u00eb deputet\u00ebt e tjer\u00eb t\u00eb pranish\u00ebm, Rama e hodhi flet\u00ebn e votimit n\u00eb kuti dhe menj\u00ebher\u00eb m\u00eb pas u largua prej sall\u00ebs s\u00eb Kuvendit.<\/span><\/p>\n<p style=\"line-height: 19.5pt; background: white; outline: none; box-sizing: border-box; font-variant-ligatures: normal; font-variant-caps: normal; orphans: 2; text-align: start; widows: 2; -webkit-text-stroke-width: 0px; text-decoration-thickness: initial; text-decoration-style: initial; text-decoration-color: initial; word-spacing: 0px; margin: 0in 0in 18.75pt 0in;\"><span style=\"color: #2c2f34;\">Rama foli sot shkurtimisht p\u00ebr shkarkimin e Presidentit Meta, p\u00ebr t\u00eb cilin tha se ndihej i keqarhdur q\u00eb dikur kishin qen\u00eb miq, por tashm\u00eb ai kishte shkelur kushtetut\u00ebn dhe c\u00ebnuar rolin si p\u00ebrfaq\u00ebsues i unitetit t\u00eb popullit. <\/span>Deputet\u00ebt kan\u00eb votuar n\u00eb shumic\u00eb d\u00ebrrmuese votash pro raportit t\u00eb komisionit hetimor p\u00ebr shkarkimin e Presidentit Meta.\u00a0Pas rreth 4 or\u00ebsh diskutimesh, lidhur me gjetjet e Komisionit 104 deputet\u00eb, kan\u00eb qen\u00eb dakord me p\u00ebrfundimet e arritura, duke i hapur rrug\u00eb rrjedhimisht shkarkimi t\u00eb Presidentit.<\/p>\n<p><strong>Rezultati i votimit:\u00a0<\/strong><\/p>\n<p><em>Pro 104 deputet\u00eb<\/em><\/p>\n<p><em>Kund\u00ebr 7<\/em><\/p>\n<p><em>Abstenim 2<\/em><\/p>\n<p><em>T\u00eb pavflefshme 1<\/em><\/p>\n<p>Tashm\u00eb pritet q\u00eb deputet\u00ebt t\u00eb votojn\u00eb s\u00ebrish sa i takon pyetjes s\u00eb drejtp\u00ebrdrejt\u00eb p\u00ebr shkarkimin e Met\u00ebs. Faxweb.al ka zbardhur dhe emrat e deputet\u00ebve q\u00eb kan\u00eb votuar kund\u00ebr raportit t\u00eb komisionit hetimor, p\u00ebr shkarkimin e Met\u00ebs.<\/p>\n<p><strong>Ata jan\u00eb:<\/strong><\/p>\n<p>Elda hoti<\/p>\n<p>Adriatik Alimadhi<\/p>\n<p>Artur Rroshi<\/p>\n<p>Suzana Topi<\/p>\n<p>Lefter Maliqi<\/p>\n<p>Gjetan gjetani<\/p>\n<p>Fatjona Dhimitri<\/p>\n<p>&nbsp;<\/p>","protected":false},"excerpt":{"rendered":"<p>Kryeministri Edi Rama, ka votuar n\u00eb m\u00ebnyr\u00eb demostrative p\u00ebr shkarkimin e Presidentit Meta, duke mos shkuar fare n\u00eb dhomat e fshehta. Rama zgjodhi q\u00eb t\u00eb votonte duke e vendosur kryqin n\u00eb flet\u00ebn e votimit, n\u00eb foltoren q\u00eb p\u00ebrdoret p\u00ebr t\u00eb folur nga ana e deputet\u00ebve. N\u00eb ndryshim nga gjith\u00eb deputet\u00ebt e tjer\u00eb t\u00eb pranish\u00ebm, Rama [&hellip;]<\/p>\n","protected":false},"author":2016,"featured_media":187522,"comment_status":"closed","ping_status":"closed","sticky":false,"template":"","format":"standard","meta":{"footnotes":""},"categories":[241,1454],"tags":[3604],"class_list":{"0":"post-187520","1":"post","2":"type-post","3":"status-publish","4":"format-standard","5":"has-post-thumbnail","7":"category-aktualitet","8":"category-politike","9":"tag-lajme-zjarr-edi-rama-zjarr-tv"},"_links":{"self":[{"href":"https:\/\/zjarr.tv\/en\/wp-json\/wp\/v2\/posts\/187520","targetHints":{"allow":["GET"]}}],"collection":[{"href":"https:\/\/zjarr.tv\/en\/wp-json\/wp\/v2\/posts"}],"about":[{"href":"https:\/\/zjarr.tv\/en\/wp-json\/wp\/v2\/types\/post"}],"author":[{"embeddable":true,"href":"https:\/\/zjarr.tv\/en\/wp-json\/wp\/v2\/users\/2016"}],"replies":[{"embeddable":true,"href":"https:\/\/zjarr.tv\/en\/wp-json\/wp\/v2\/comments?post=187520"}],"version-history":[{"count":0,"href":"https:\/\/zjarr.tv\/en\/wp-json\/wp\/v2\/posts\/187520\/revisions"}],"wp:featuredmedia":[{"embeddable":true,"href":"https:\/\/zjarr.tv\/en\/wp-json\/wp\/v2\/media\/187522"}],"wp:attachment":[{"href":"https:\/\/zjarr.tv\/en\/wp-json\/wp\/v2\/media?parent=187520"}],"wp:term":[{"taxonomy":"category","embeddable":true,"href":"https:\/\/zjarr.tv\/en\/wp-json\/wp\/v2\/categories?post=187520"},{"taxonomy":"post_tag","embeddable":true,"href":"https:\/\/zjarr.tv\/en\/wp-json\/wp\/v2\/tags?post=187520"}],"curies":[{"name":"wp","href":"https:\/\/api.w.org\/{rel}","templated":true}]}}