{"id":187531,"date":"2021-06-09T15:48:17","date_gmt":"2021-06-09T13:48:17","guid":{"rendered":"https:\/\/zjarr.tv\/?p=187531"},"modified":"2021-06-09T15:53:57","modified_gmt":"2021-06-09T13:53:57","slug":"kuvendi-shkarkoi-meten-reagon-presidenca-vec-pensionit-te-perjetshem-i-siguruat-nje-pale-pushime-qyl","status":"publish","type":"post","link":"https:\/\/zjarr.tv\/en\/kuvendi-shkarkoi-meten-reagon-presidenca-vec-pensionit-te-perjetshem-i-siguruat-nje-pale-pushime-qyl\/","title":{"rendered":"Kuvendi shkarkoi Met\u00ebn, reagon Presidenca: Ve\u00e7 pensionit t\u00eb p\u00ebrjetsh\u00ebm, i siguruat nj\u00eb pal\u00eb pushime qyl\u2026"},"content":{"rendered":"<p style=\"margin-top: 0in; background: white;\"><span style=\"color: #212529;\">Vjen reagimi i par\u00eb nga Presidenca, pasi Kuvendi shkarkoi Presidentin Ilir Meta me 104 vota pro. Z\u00ebdh\u00ebn\u00ebsi i Met\u00ebs, Tedi Blushi, me an\u00eb t\u00eb nj\u00eb postimi n\u00eb rrjetet sociale, e ka cil\u00ebsuar si vendim antikushtetues dhe qesharak votimin e sot\u00ebm n\u00eb Kuvend, t\u00eb cilin e quan monist. <\/span><span style=\"color: #212529;\">Blushi shton se; Meta \u00ebsht\u00eb m\u00eb i motivuar se kurr\u00eb p\u00ebr mbrojtjen e sovranitetit dhe integritetit t\u00eb Shqip\u00ebris\u00eb, nga \u00e7do p\u00ebrpjekje e tradhtar\u00ebve, bashk\u00ebpun\u00ebtor\u00ebve dhe tutor\u00ebve t\u00eb tyre, q\u00eb punojn\u00eb prej vitesh kund\u00ebr vendit ton\u00eb, shqiptar\u00ebve dhe interesit komb\u00ebtar.<\/span><\/p>\n<p style=\"margin-top: 0in; background: white; box-sizing: border-box; margin-bottom: 1rem; font-variant-ligatures: normal; font-variant-caps: normal; orphans: 2; widows: 2; -webkit-text-stroke-width: 0px; text-decoration-thickness: initial; text-decoration-style: initial; text-decoration-color: initial; word-spacing: 0px;\"><span style=\"color: #212529;\">Sipas Blushit, ve\u00e7 pensionit t\u00eb p\u00ebrjetsh\u00ebm, deputet\u00ebt me votimin sot\u00ebm i siguruan presidentit edhe k\u00ebt\u00eb vit nj\u00eb pal\u00eb pushime qyl. N\u00eb fund z\u00ebdh\u00ebn\u00ebsi e mbyll mesazhin e tij me nj\u00eb thirrje p\u00ebr gazetar\u00ebt, duke iu k\u00ebrkuar k\u00ebtyre t\u00eb fundit\u00a0 q\u00eb t\u00eb merren me gj\u00ebra m\u00eb serioze.<\/span><\/p>\n<p style=\"margin-top: 0in; background: white; box-sizing: border-box; margin-bottom: 1rem; font-variant-ligatures: normal; font-variant-caps: normal; orphans: 2; widows: 2; -webkit-text-stroke-width: 0px; text-decoration-thickness: initial; text-decoration-style: initial; text-decoration-color: initial; word-spacing: 0px;\"><em style=\"box-sizing: border-box;\"><span style=\"color: #212529;\">\u201cZero shqet\u00ebsim nga vendimi antikushtetues dhe qesharak i landfillit parlamentar monist, q\u00eb do t\u00eb hyj\u00eb si rast studimor n\u00eb historin\u00eb bot\u00ebrore t\u00eb parlamentarizmit, se si nj\u00eb Kuvend pa opozit\u00eb, q\u00eb edhe pse \u00ebsht\u00eb shkarkuar me vot\u00eb nga populli, voton p\u00ebr shkarkimin e nj\u00eb institucioni tjet\u00ebr! <\/span><\/em><em style=\"box-sizing: border-box;\"><span style=\"color: #212529;\">Asnj\u00eb surpriz\u00eb nga tregtari i kufijve t\u00eb Shqip\u00ebris\u00eb dhe t\u00eb Kosov\u00ebs, partner\u00ebt dhe vasal\u00ebt e oligark\u00ebve, mafia e incenerator\u00ebve, grabit\u00ebsit e votave, parave dhe t\u00eb pronave t\u00eb shqiptar\u00ebve, p\u00ebrfshi edhe torollak\u00ebt e dobish\u00ebm, q\u00eb nuk b\u00ebn\u00eb gj\u00eb tjet\u00ebr sot, ve\u00e7se plot\u00ebsuan edhe hapin e fundit t\u00eb krimit t\u00eb r\u00ebnd\u00eb zgjedhor t\u00eb 25 prillit.<\/span><\/em><\/p>\n<p style=\"margin-top: 0in; background: white; box-sizing: border-box; margin-bottom: 1rem; font-variant-ligatures: normal; font-variant-caps: normal; orphans: 2; widows: 2; -webkit-text-stroke-width: 0px; text-decoration-thickness: initial; text-decoration-style: initial; text-decoration-color: initial; word-spacing: 0px;\"><em style=\"box-sizing: border-box;\"><span style=\"color: #212529;\">T\u00eb pakt\u00ebn ve\u00e7 pensionit t\u00eb p\u00ebrjetsh\u00ebm, i siguruat edhe p\u00ebr k\u00ebt\u00eb vit nj\u00eb pal\u00eb pushime qyl!<\/span><\/em><\/p>\n<p style=\"margin-top: 0in; background: white; box-sizing: border-box; margin-bottom: 1rem; font-variant-ligatures: normal; font-variant-caps: normal; orphans: 2; widows: 2; -webkit-text-stroke-width: 0px; text-decoration-thickness: initial; text-decoration-style: initial; text-decoration-color: initial; word-spacing: 0px;\"><em style=\"box-sizing: border-box;\"><span style=\"color: #212529;\">Bravo ju qoft\u00eb, q\u00eb nuk dol\u00ebt pa gj\u00eb nga kjo sh\u00ebmti!<\/span><\/em><\/p>\n<p style=\"margin-top: 0in; background: white; box-sizing: border-box; margin-bottom: 1rem; font-variant-ligatures: normal; font-variant-caps: normal; orphans: 2; widows: 2; -webkit-text-stroke-width: 0px; text-decoration-thickness: initial; text-decoration-style: initial; text-decoration-color: initial; word-spacing: 0px;\"><em style=\"box-sizing: border-box;\"><span style=\"color: #212529;\">Presidenti i Republik\u00ebs Sh.T.Z Ilir Meta \u00ebsht\u00eb m\u00eb i motivuar se kurr\u00eb p\u00ebr mbrojtjen e sovranitetit dhe integritetit t\u00eb Shqip\u00ebris\u00eb nga \u00e7do p\u00ebrpjekje e tradh\u00ebtar\u00ebve, bashk\u00ebpun\u00ebtor\u00ebve dhe tutor\u00ebve t\u00eb tyre, q\u00eb punojn\u00eb prej vitesh kund\u00ebr vendit ton\u00eb, shqiptar\u00ebve dhe interesit komb\u00ebtar. <\/span><\/em><em style=\"box-sizing: border-box;\"><span style=\"color: #212529;\">Nj\u00eb ftes\u00eb e sinqert\u00eb edhe p\u00ebr koleg\u00ebt gazetar\u00eb: Merruni me gj\u00ebra serioze, zbardhjen, hetimin e plot\u00eb dhe d\u00ebnimin e krimeve zgjedhore!,\u201d<\/span><\/em><span style=\"color: #212529;\">\u00a0shprehet z\u00ebdh\u00ebn\u00ebsi Tedi Blushi.\u00a0<\/span><\/p>","protected":false},"excerpt":{"rendered":"<p>Vjen reagimi i par\u00eb nga Presidenca, pasi Kuvendi shkarkoi Presidentin Ilir Meta me 104 vota pro. Z\u00ebdh\u00ebn\u00ebsi i Met\u00ebs, Tedi Blushi, me an\u00eb t\u00eb nj\u00eb postimi n\u00eb rrjetet sociale, e ka cil\u00ebsuar si vendim antikushtetues dhe qesharak votimin e sot\u00ebm n\u00eb Kuvend, t\u00eb cilin e quan monist. Blushi shton se; Meta \u00ebsht\u00eb m\u00eb i motivuar [&hellip;]<\/p>\n","protected":false},"author":2016,"featured_media":187533,"comment_status":"closed","ping_status":"closed","sticky":false,"template":"","format":"standard","meta":{"footnotes":""},"categories":[241],"tags":[3688],"class_list":{"0":"post-187531","1":"post","2":"type-post","3":"status-publish","4":"format-standard","5":"has-post-thumbnail","7":"category-aktualitet","8":"tag-lajme-zjarr-reagon-presidenca-zjarr-tv"},"_links":{"self":[{"href":"https:\/\/zjarr.tv\/en\/wp-json\/wp\/v2\/posts\/187531","targetHints":{"allow":["GET"]}}],"collection":[{"href":"https:\/\/zjarr.tv\/en\/wp-json\/wp\/v2\/posts"}],"about":[{"href":"https:\/\/zjarr.tv\/en\/wp-json\/wp\/v2\/types\/post"}],"author":[{"embeddable":true,"href":"https:\/\/zjarr.tv\/en\/wp-json\/wp\/v2\/users\/2016"}],"replies":[{"embeddable":true,"href":"https:\/\/zjarr.tv\/en\/wp-json\/wp\/v2\/comments?post=187531"}],"version-history":[{"count":0,"href":"https:\/\/zjarr.tv\/en\/wp-json\/wp\/v2\/posts\/187531\/revisions"}],"wp:featuredmedia":[{"embeddable":true,"href":"https:\/\/zjarr.tv\/en\/wp-json\/wp\/v2\/media\/187533"}],"wp:attachment":[{"href":"https:\/\/zjarr.tv\/en\/wp-json\/wp\/v2\/media?parent=187531"}],"wp:term":[{"taxonomy":"category","embeddable":true,"href":"https:\/\/zjarr.tv\/en\/wp-json\/wp\/v2\/categories?post=187531"},{"taxonomy":"post_tag","embeddable":true,"href":"https:\/\/zjarr.tv\/en\/wp-json\/wp\/v2\/tags?post=187531"}],"curies":[{"name":"wp","href":"https:\/\/api.w.org\/{rel}","templated":true}]}}