{"id":187535,"date":"2021-06-09T18:36:14","date_gmt":"2021-06-09T16:36:14","guid":{"rendered":"https:\/\/zjarr.tv\/?p=187535"},"modified":"2021-06-09T18:36:14","modified_gmt":"2021-06-09T16:36:14","slug":"perhapja-e-gripi-te-shpendeve-ne-vend-drejtoresha-e-veterinarise-jep-detaje-jane-konstatuar-tre-vatra-ne-oborre-te-banesave-rurale","status":"publish","type":"post","link":"https:\/\/zjarr.tv\/en\/perhapja-e-gripi-te-shpendeve-ne-vend-drejtoresha-e-veterinarise-jep-detaje-jane-konstatuar-tre-vatra-ne-oborre-te-banesave-rurale\/","title":{"rendered":"P\u00ebrhapja e gripi t\u00eb shpend\u00ebve n\u00eb vend, Drejtoresha e Veterinaris\u00eb jep detaje: Jan\u00eb konstatuar tre vatra n\u00eb oborre t\u00eb banesave rurale"},"content":{"rendered":"<p>Drejtoresha e Veterinaris\u00eb n\u00eb ministrin\u00eb e Bujq\u00ebsis\u00eb, Tana Kika , ka hedhur drit\u00eb mbi situat\u00ebn e p\u00ebrhapjes s\u00eb gripit t\u00eb shpend\u00ebve n\u00eb vend, pas konfirmimit t\u00eb tre vatrave t\u00eb ndryshme dit\u00ebn e djeshme.<\/p>\n<p>Vatrat e evidentuara ndodhen respektivisht n\u00eb Nj\u00ebsin\u00eb Administrative Fush\u00eb- Kruj\u00eb, n\u00eb Nj\u00ebsin\u00eb Admistrative Dajt dhe n\u00eb Nj\u00ebsin\u00eb Administrative Bujan, ku sipas drejtoresh\u00ebs Kikia kemi t\u00eb b\u00ebjm\u00eb me shpend\u00eb t\u00eb oborreve t\u00eb banesave n\u00eb k\u00ebto zona dhe jo domosdoshm\u00ebrisht fermer\u00eb.<\/p>\n<p>Kika thekson se \u00ebsht\u00eb ngritur qendra komb\u00ebtare e kriz\u00ebs, e cila po vijon monitorimin e zon\u00ebs p\u00ebrreth vatrave deri n\u00eb nj\u00eb perimet\u00ebr mbi 10 km, si dhe i b\u00ebn thirrje t\u00eb gjith\u00eb ata q\u00eb konstatojn\u00eb anomali tek shpend\u00ebt q\u00eb posedojn\u00eb t\u00eb kontaktojn\u00eb autoritetet.<\/p>\n<p>\u201cNe po flasim p\u00ebr tre oborre sht\u00ebpiake ose shpend\u00eb sht\u00ebpiak, t\u00eb cil\u00ebt mbahen n\u00eb oborre t\u00eb mjediseve rurale, por nuk do t\u00eb thot\u00eb domosdoshm\u00ebrisht se jan\u00eb fermer\u00eb.<\/p>\n<p>N\u00eb t\u00eb treja vatrat kemi t\u00eb b\u00ebjm\u00eb me mbarshrimin ekstensiv t\u00eb shpend\u00ebve, vlen t\u00eb thuhet se ka pasur dhe eleminime dhe ngordhje t\u00eb rosave dhe patave, pra t\u00eb shpend\u00ebve ujor\u00eb.<\/p>\n<p>Identifikimi \u00ebsht\u00eb nj\u00eb process laburatorik, p\u00ebrpara identifikimit merren mostra nga shpend\u00eb klinikisht t\u00eb s\u00ebmur\u00eb ose t\u00eb ngordhur.<\/p>\n<p>Ne m\u00ebnjher\u00eb paralelisht me monitorimin e situt\u00ebs, kemi ngritur nj\u00eb qend\u00ebr komb\u00ebtare t\u00eb kriz\u00ebs e cila menaxhon zbatimin e nj\u00eb plan veprimi n\u00eb terren, ku \u00ebsht\u00eb b\u00ebr\u00eb ndarja e zonave.<\/p>\n<p>3 km nga oborri ku ka nodhur ngjarja, \u00ebsht\u00eb zona e mbrojtur dhe n\u00eb perimetrin 10 km \u00ebsht\u00eb zona e mbikqyrur ku ne monitorojm\u00eb dhe marrim mostrat p\u00ebr rastt e dyshimta\u201d, tha Kika.\/ FaxNews<\/p>","protected":false},"excerpt":{"rendered":"<p>Drejtoresha e Veterinaris\u00eb n\u00eb ministrin\u00eb e Bujq\u00ebsis\u00eb, Tana Kika , ka hedhur drit\u00eb mbi situat\u00ebn e p\u00ebrhapjes s\u00eb gripit t\u00eb shpend\u00ebve n\u00eb vend, pas konfirmimit t\u00eb tre vatrave t\u00eb ndryshme dit\u00ebn e djeshme. Vatrat e evidentuara ndodhen respektivisht n\u00eb Nj\u00ebsin\u00eb Administrative Fush\u00eb- Kruj\u00eb, n\u00eb Nj\u00ebsin\u00eb Admistrative Dajt dhe n\u00eb Nj\u00ebsin\u00eb Administrative Bujan, ku sipas drejtoresh\u00ebs [&hellip;]<\/p>\n","protected":false},"author":2031,"featured_media":187536,"comment_status":"closed","ping_status":"closed","sticky":false,"template":"","format":"standard","meta":{"footnotes":""},"categories":[231],"tags":[],"class_list":{"0":"post-187535","1":"post","2":"type-post","3":"status-publish","4":"format-standard","5":"has-post-thumbnail","7":"category-lajme"},"_links":{"self":[{"href":"https:\/\/zjarr.tv\/en\/wp-json\/wp\/v2\/posts\/187535","targetHints":{"allow":["GET"]}}],"collection":[{"href":"https:\/\/zjarr.tv\/en\/wp-json\/wp\/v2\/posts"}],"about":[{"href":"https:\/\/zjarr.tv\/en\/wp-json\/wp\/v2\/types\/post"}],"author":[{"embeddable":true,"href":"https:\/\/zjarr.tv\/en\/wp-json\/wp\/v2\/users\/2031"}],"replies":[{"embeddable":true,"href":"https:\/\/zjarr.tv\/en\/wp-json\/wp\/v2\/comments?post=187535"}],"version-history":[{"count":0,"href":"https:\/\/zjarr.tv\/en\/wp-json\/wp\/v2\/posts\/187535\/revisions"}],"wp:featuredmedia":[{"embeddable":true,"href":"https:\/\/zjarr.tv\/en\/wp-json\/wp\/v2\/media\/187536"}],"wp:attachment":[{"href":"https:\/\/zjarr.tv\/en\/wp-json\/wp\/v2\/media?parent=187535"}],"wp:term":[{"taxonomy":"category","embeddable":true,"href":"https:\/\/zjarr.tv\/en\/wp-json\/wp\/v2\/categories?post=187535"},{"taxonomy":"post_tag","embeddable":true,"href":"https:\/\/zjarr.tv\/en\/wp-json\/wp\/v2\/tags?post=187535"}],"curies":[{"name":"wp","href":"https:\/\/api.w.org\/{rel}","templated":true}]}}