{"id":187552,"date":"2021-06-09T19:07:49","date_gmt":"2021-06-09T17:07:49","guid":{"rendered":"https:\/\/zjarr.tv\/?p=187552"},"modified":"2021-06-09T19:07:49","modified_gmt":"2021-06-09T17:07:49","slug":"duke-nisur-nga-sot-franca-lejon-hyrjen-e-shqiptareve-me-pasaporte-duhet-te-jeni-te-vaksinuar-me","status":"publish","type":"post","link":"https:\/\/zjarr.tv\/en\/duke-nisur-nga-sot-franca-lejon-hyrjen-e-shqiptareve-me-pasaporte-duhet-te-jeni-te-vaksinuar-me\/","title":{"rendered":"Duke nisur nga sot, Franca lejon hyrjen e shqiptar\u00ebve me pasaport\u00eb: Duhet t\u00eb jeni t\u00eb vaksinuar me\u2026"},"content":{"rendered":"<p>Duke nisur nga sot, 9 qershor 2021, Franca do t\u00eb lejoj\u00eb hyrjen e shqiptar\u00ebve me pasaport\u00eb biometrike dhe q\u00eb kan\u00eb b\u00ebr\u00eb nj\u00eb nga vaksinat Pfizer, Moderna, AstraZeneca dhe Johnson &amp; Johnson, si dhe jan\u00eb t\u00eb pajisjur me test PCR.<\/p>\n<p>Franca e konsideron Shqip\u00ebrin\u00eb n\u00eb list\u00ebn e vendeve me ngjyr\u00eb portokalli, dometh\u00ebn\u00eb me rrezik t\u00eb ul\u00ebt infektimi.<\/p>\n<p>\u201cP\u00ebr ata q\u00eb nuk jan\u00eb vaksinuar, masat kufizuese vazhdojn\u00eb t\u00eb mbeten n\u00eb fuqi. Qytetar\u00ebt e pavaksinuar, duhet t\u00eb udh\u00ebtojn\u00eb vet\u00ebm p\u00ebr arsye esenciale (p\u00ebr t\u00eb shkuar t\u00eb bashk\u00ebshorti\/bashk\u00ebshortja, apo prind\u00ebrit t\u00eb udh\u00ebtojn\u00eb tek f\u00ebmij\u00ebt me leje q\u00ebndrimi n\u00eb Franc\u00eb, e student\u00ebt p\u00ebr motive studimi\u201d, thuhet n\u00eb njoftimin e aeroportit t\u00eb Rinasit.<\/p>\n<p>Njoftimi i plot\u00eb<\/p>\n<p>Franca, nga sot, m\u00eb 9 Qershor 2021, lejon hyrjen e udh\u00ebtar\u00ebve shqiptar\u00eb me pasaport\u00eb biometrike, q\u00eb kan\u00eb b\u00ebr\u00eb vaksinat Pfizer, Moderna, AstraZeneca dhe Johnson &amp; Johnson, si dhe jan\u00eb t\u00eb pajisjur me test PCR.<\/p>\n<p>Franca lejon hyrjen e udh\u00ebtar\u00ebve shqiptar\u00eb me pasaport\u00eb biometrike, vet\u00ebm n\u00ebse jan\u00eb vaksinuar dhe udh\u00ebtar\u00ebt paraqesin gjithashtu edhe testin PCR t\u00eb 72 or\u00ebve t\u00eb fundit ose Antigen t\u00eb 48 or\u00ebve t\u00eb fundit.<\/p>\n<p>Vaksinat e pranuara nga Franca jan\u00eb ato t\u00eb njohura nga Agjencia Evropiane e Barnave (EMA): Pfizer, Moderna, AstraZeneca dhe Johnson &amp; Johnson.<\/p>\n<p>Prova e vaksinimit \u00ebsht\u00eb e vlefshme n\u00ebse lejon t\u00eb v\u00ebrtetohet p\u00ebrfundimi i nj\u00eb kohe t\u00eb plot\u00eb t\u00eb vaksinimit, p\u00ebrkat\u00ebsisht:<\/p>\n<p>2 jav\u00eb pas injeksionit t\u00eb 2-t\u00eb p\u00ebr vaksinat me injeksion t\u00eb dyfisht\u00eb (Pfizer, Moderna, AstraZeneca);<\/p>\n<p>4 jav\u00eb pas injeksionit p\u00ebr vaksinat me nj\u00eb injeksion t\u00eb vet\u00ebm (Johnson &amp; Johnson);<\/p>\n<p>2 jav\u00eb pas injeksionit p\u00ebr vaksina te njer\u00ebzit me histori t\u00eb Covid-19 (k\u00ebrkohet vet\u00ebm 1 injeksion).<\/p>\n<p>Franca e konsideron Shqip\u00ebrin\u00eb n\u00eb list\u00ebn e vendeve me ngjyr\u00eb portokalli, dometh\u00ebn\u00eb me rrezik t\u00eb ul\u00ebt infektimi.<\/p>\n<p>P\u00ebr ata q\u00eb nuk jan\u00eb vaksinuar, masat kufizuese vazhdojn\u00eb t\u00eb mbeten n\u00eb fuqi. Qytetar\u00ebt e pavaksinuar, duhet t\u00eb udh\u00ebtojn\u00eb vet\u00ebm p\u00ebr ar\u00ebsye esenciale (p\u00ebr t\u00eb shkuar t\u00eb bashk\u00ebshorti\/bashk\u00ebshortja, apo prind\u00ebrit t\u00eb udh\u00ebtojn\u00eb tek f\u00ebmij\u00ebt me leje q\u00ebndrimi n\u00eb Franc\u00eb, e student\u00ebt p\u00ebr motive studimi)<\/p>\n<p>Edhe kjo kategori udh\u00ebton me testin PCR t\u00eb 72 or\u00ebve t\u00eb fundit ose Antigen t\u00eb 48 or\u00ebve t\u00eb fundit.<\/p>","protected":false},"excerpt":{"rendered":"<p>Duke nisur nga sot, 9 qershor 2021, Franca do t\u00eb lejoj\u00eb hyrjen e shqiptar\u00ebve me pasaport\u00eb biometrike dhe q\u00eb kan\u00eb b\u00ebr\u00eb nj\u00eb nga vaksinat Pfizer, Moderna, AstraZeneca dhe Johnson &amp; Johnson, si dhe jan\u00eb t\u00eb pajisjur me test PCR. Franca e konsideron Shqip\u00ebrin\u00eb n\u00eb list\u00ebn e vendeve me ngjyr\u00eb portokalli, dometh\u00ebn\u00eb me rrezik t\u00eb ul\u00ebt [&hellip;]<\/p>\n","protected":false},"author":2031,"featured_media":187553,"comment_status":"closed","ping_status":"closed","sticky":false,"template":"","format":"standard","meta":{"footnotes":""},"categories":[231],"tags":[],"class_list":{"0":"post-187552","1":"post","2":"type-post","3":"status-publish","4":"format-standard","5":"has-post-thumbnail","7":"category-lajme"},"_links":{"self":[{"href":"https:\/\/zjarr.tv\/en\/wp-json\/wp\/v2\/posts\/187552","targetHints":{"allow":["GET"]}}],"collection":[{"href":"https:\/\/zjarr.tv\/en\/wp-json\/wp\/v2\/posts"}],"about":[{"href":"https:\/\/zjarr.tv\/en\/wp-json\/wp\/v2\/types\/post"}],"author":[{"embeddable":true,"href":"https:\/\/zjarr.tv\/en\/wp-json\/wp\/v2\/users\/2031"}],"replies":[{"embeddable":true,"href":"https:\/\/zjarr.tv\/en\/wp-json\/wp\/v2\/comments?post=187552"}],"version-history":[{"count":0,"href":"https:\/\/zjarr.tv\/en\/wp-json\/wp\/v2\/posts\/187552\/revisions"}],"wp:featuredmedia":[{"embeddable":true,"href":"https:\/\/zjarr.tv\/en\/wp-json\/wp\/v2\/media\/187553"}],"wp:attachment":[{"href":"https:\/\/zjarr.tv\/en\/wp-json\/wp\/v2\/media?parent=187552"}],"wp:term":[{"taxonomy":"category","embeddable":true,"href":"https:\/\/zjarr.tv\/en\/wp-json\/wp\/v2\/categories?post=187552"},{"taxonomy":"post_tag","embeddable":true,"href":"https:\/\/zjarr.tv\/en\/wp-json\/wp\/v2\/tags?post=187552"}],"curies":[{"name":"wp","href":"https:\/\/api.w.org\/{rel}","templated":true}]}}