{"id":187557,"date":"2021-06-09T19:15:49","date_gmt":"2021-06-09T17:15:49","guid":{"rendered":"https:\/\/zjarr.tv\/?p=187557"},"modified":"2021-06-09T19:15:49","modified_gmt":"2021-06-09T17:15:49","slug":"ndalimi-i-gazetareve-ne-komisione-be-fshikullon-kuvendin-na-vjen-keq-per-mungesen-e-konsultimeve-me-median","status":"publish","type":"post","link":"https:\/\/zjarr.tv\/en\/ndalimi-i-gazetareve-ne-komisione-be-fshikullon-kuvendin-na-vjen-keq-per-mungesen-e-konsultimeve-me-median\/","title":{"rendered":"Ndalimi i gazetar\u00ebve n\u00eb Komisione, BE \u2018fshikullon\u2019 Kuvendin: Na vjen keq p\u00ebr munges\u00ebn e konsultimeve me median"},"content":{"rendered":"<p>D\u00ebgjimet publike dhe qasja e mediave n\u00eb Parlament p\u00ebr t\u00eb mbuluar pun\u00ebn e Plenarit dhe komisioneve t\u00eb tij jan\u00eb tipare t\u00eb r\u00ebnd\u00ebsishme t\u00eb nj\u00eb demokracie liberale.<\/p>\n<p>Na vjen keq p\u00ebr munges\u00ebn e konsultimeve me mediat p\u00ebrpara miratimit t\u00eb rregullave t\u00eb reja nga Parlamenti. K\u00ebto rregulla nuk jan\u00eb n\u00eb p\u00ebrgjigje t\u00eb udh\u00ebzimeve t\u00eb BE-s\u00eb ose k\u00ebshillave t\u00eb dh\u00ebna n\u00ebn ndihm\u00ebn e IPA-s, t\u00eb nisur n\u00eb k\u00ebt\u00eb kontekst n\u00eb vitin 2014.<\/p>","protected":false},"excerpt":{"rendered":"<p>D\u00ebgjimet publike dhe qasja e mediave n\u00eb Parlament p\u00ebr t\u00eb mbuluar pun\u00ebn e Plenarit dhe komisioneve t\u00eb tij jan\u00eb tipare t\u00eb r\u00ebnd\u00ebsishme t\u00eb nj\u00eb demokracie liberale. Na vjen keq p\u00ebr munges\u00ebn e konsultimeve me mediat p\u00ebrpara miratimit t\u00eb rregullave t\u00eb reja nga Parlamenti. K\u00ebto rregulla nuk jan\u00eb n\u00eb p\u00ebrgjigje t\u00eb udh\u00ebzimeve t\u00eb BE-s\u00eb ose k\u00ebshillave [&hellip;]<\/p>\n","protected":false},"author":2031,"featured_media":187558,"comment_status":"closed","ping_status":"closed","sticky":false,"template":"","format":"standard","meta":{"footnotes":""},"categories":[231],"tags":[],"class_list":{"0":"post-187557","1":"post","2":"type-post","3":"status-publish","4":"format-standard","5":"has-post-thumbnail","7":"category-lajme"},"_links":{"self":[{"href":"https:\/\/zjarr.tv\/en\/wp-json\/wp\/v2\/posts\/187557","targetHints":{"allow":["GET"]}}],"collection":[{"href":"https:\/\/zjarr.tv\/en\/wp-json\/wp\/v2\/posts"}],"about":[{"href":"https:\/\/zjarr.tv\/en\/wp-json\/wp\/v2\/types\/post"}],"author":[{"embeddable":true,"href":"https:\/\/zjarr.tv\/en\/wp-json\/wp\/v2\/users\/2031"}],"replies":[{"embeddable":true,"href":"https:\/\/zjarr.tv\/en\/wp-json\/wp\/v2\/comments?post=187557"}],"version-history":[{"count":0,"href":"https:\/\/zjarr.tv\/en\/wp-json\/wp\/v2\/posts\/187557\/revisions"}],"wp:featuredmedia":[{"embeddable":true,"href":"https:\/\/zjarr.tv\/en\/wp-json\/wp\/v2\/media\/187558"}],"wp:attachment":[{"href":"https:\/\/zjarr.tv\/en\/wp-json\/wp\/v2\/media?parent=187557"}],"wp:term":[{"taxonomy":"category","embeddable":true,"href":"https:\/\/zjarr.tv\/en\/wp-json\/wp\/v2\/categories?post=187557"},{"taxonomy":"post_tag","embeddable":true,"href":"https:\/\/zjarr.tv\/en\/wp-json\/wp\/v2\/tags?post=187557"}],"curies":[{"name":"wp","href":"https:\/\/api.w.org\/{rel}","templated":true}]}}