{"id":187580,"date":"2021-06-10T07:09:33","date_gmt":"2021-06-10T05:09:33","guid":{"rendered":"https:\/\/zjarr.tv\/?p=187580"},"modified":"2021-06-10T07:09:33","modified_gmt":"2021-06-10T05:09:33","slug":"gazmend-bardhi-partia-demokratike-nuk-ka-ende-nje-vendim-per-te-hyre-ne-kuvend-ne-shtator","status":"publish","type":"post","link":"https:\/\/zjarr.tv\/en\/gazmend-bardhi-partia-demokratike-nuk-ka-ende-nje-vendim-per-te-hyre-ne-kuvend-ne-shtator\/","title":{"rendered":"Gazmend Bardhi: Partia Demokratike nuk ka ende nj\u00eb vendim p\u00ebr t\u00eb hyr\u00eb n\u00eb Kuvend n\u00eb Shtator\u2026"},"content":{"rendered":"<p>Sekretari i P\u00ebrgjithsh\u00ebm i Partis\u00eb Demokratike, Gazmend Bardhi, thot\u00eb se kjo forc\u00eb nuk ka ende nj\u00eb vendim n\u00ebse n\u00eb Shtator, do t\u00eb hyj\u00eb n\u00eb Kuvend.<\/p>\n<p>\u201cAktualisht nuk ka nj\u00eb vendim p\u00ebr k\u00ebt\u00eb \u00e7\u00ebshtje, pra p\u00ebr pjes\u00ebmarrjen n\u00eb Kuvend. Kjo do t\u00eb jet\u00eb nj\u00eb vendimmarrje e institucioneve t\u00eb partis\u00eb dhe e grupit parlamentar q\u00eb do t\u00eb vendosin raportin e tyre me parlamentin n\u00eb shtator.<\/p>\n<p>E sigurt \u00ebsht\u00eb q\u00eb ato mandate q\u00eb ka PD jan\u00eb mandate q\u00eb p\u00ebrfaq\u00ebsojn\u00eb vullnetin e past\u00ebr t\u00eb lir\u00eb t\u00eb qytetar\u00ebve, nd\u00ebrsa mandatet q\u00eb p\u00ebrfaq\u00ebson PS jan\u00eb n\u00eb pjes\u00ebn d\u00ebrrmuese t\u00eb tyre ato q\u00eb p\u00ebrfaq\u00ebsojn\u00eb interesa okulte t\u00eb bot\u00ebs s\u00eb oligark\u00ebve apo t\u00eb akteve madhore t\u00eb korrupsionit t\u00eb kryera n\u00eb k\u00ebto 8 vite n\u00eb Shqip\u00ebri\u201d \u2013 tha Bardhi n\u00eb nj\u00eb intervist\u00eb p\u00ebr Syri Tv.<\/p>\n<p>\u201c\u00cbsht\u00eb nj\u00eb vendimmarrje q\u00eb do t\u00eb duhet t\u00eb mendohet m\u00eb shum\u00eb kujdes.<\/p>\n<p>E sigurt \u00ebsht\u00eb q\u00eb ato mandate q\u00eb ka PD jan\u00eb mandate q\u00eb p\u00ebrfaq\u00ebsojn\u00eb vullnetin e past\u00ebr t\u00eb lir\u00eb t\u00eb qytetar\u00ebve, nd\u00ebrsa mandatet q\u00eb p\u00ebrfaq\u00ebson PS jan\u00eb n\u00eb pjes\u00ebn d\u00ebrrmuese t\u00eb tyre ato q\u00eb p\u00ebrfaq\u00ebsojn\u00eb interesa okulte t\u00eb bot\u00ebs s\u00eb oligark\u00ebve apo t\u00eb akteve madhore t\u00eb korrupsionit t\u00eb kryera n\u00eb k\u00ebto 8 vite n\u00eb Shqip\u00ebri.<\/p>\n<p>Personalisht gjykoj q\u00eb nuk \u00ebsht\u00eb e leht\u00eb t\u00eb bashk\u00ebjetosh n\u00eb nj\u00eb sall\u00eb me p\u00ebrfaq\u00ebsues t\u00eb krimit t\u00eb organizuar. Fjala vjen nuk mund t\u00eb jem n\u00eb nj\u00eb sall\u00eb me Taulant Ball\u00ebn, sepse un\u00eb p\u00ebrfaq\u00ebsoj interesin e shqiptar\u00ebve, nd\u00ebrsa Taulant Balla interesin e bandave n\u00eb fam\u00ebkeqe q\u00eb jan\u00eb n\u00eb Shqip\u00ebri dhe n\u00eb qytetin e Elbasanit\u201d \u2013 tha Bardhi q\u00eb k\u00ebmb\u00ebngul se zgjedhjet e 25 prillit ishin nj\u00eb masak\u00ebr elektorale.<\/p>\n<p>&nbsp;<\/p>","protected":false},"excerpt":{"rendered":"<p>Sekretari i P\u00ebrgjithsh\u00ebm i Partis\u00eb Demokratike, Gazmend Bardhi, thot\u00eb se kjo forc\u00eb nuk ka ende nj\u00eb vendim n\u00ebse n\u00eb Shtator, do t\u00eb hyj\u00eb n\u00eb Kuvend. \u201cAktualisht nuk ka nj\u00eb vendim p\u00ebr k\u00ebt\u00eb \u00e7\u00ebshtje, pra p\u00ebr pjes\u00ebmarrjen n\u00eb Kuvend. Kjo do t\u00eb jet\u00eb nj\u00eb vendimmarrje e institucioneve t\u00eb partis\u00eb dhe e grupit parlamentar q\u00eb do t\u00eb [&hellip;]<\/p>\n","protected":false},"author":2016,"featured_media":187582,"comment_status":"closed","ping_status":"closed","sticky":false,"template":"","format":"standard","meta":{"footnotes":""},"categories":[241,1454],"tags":[3689],"class_list":{"0":"post-187580","1":"post","2":"type-post","3":"status-publish","4":"format-standard","5":"has-post-thumbnail","7":"category-aktualitet","8":"category-politike","9":"tag-lajme-zjarr-gazmend-bardhi-zjarr-tv"},"_links":{"self":[{"href":"https:\/\/zjarr.tv\/en\/wp-json\/wp\/v2\/posts\/187580","targetHints":{"allow":["GET"]}}],"collection":[{"href":"https:\/\/zjarr.tv\/en\/wp-json\/wp\/v2\/posts"}],"about":[{"href":"https:\/\/zjarr.tv\/en\/wp-json\/wp\/v2\/types\/post"}],"author":[{"embeddable":true,"href":"https:\/\/zjarr.tv\/en\/wp-json\/wp\/v2\/users\/2016"}],"replies":[{"embeddable":true,"href":"https:\/\/zjarr.tv\/en\/wp-json\/wp\/v2\/comments?post=187580"}],"version-history":[{"count":0,"href":"https:\/\/zjarr.tv\/en\/wp-json\/wp\/v2\/posts\/187580\/revisions"}],"wp:featuredmedia":[{"embeddable":true,"href":"https:\/\/zjarr.tv\/en\/wp-json\/wp\/v2\/media\/187582"}],"wp:attachment":[{"href":"https:\/\/zjarr.tv\/en\/wp-json\/wp\/v2\/media?parent=187580"}],"wp:term":[{"taxonomy":"category","embeddable":true,"href":"https:\/\/zjarr.tv\/en\/wp-json\/wp\/v2\/categories?post=187580"},{"taxonomy":"post_tag","embeddable":true,"href":"https:\/\/zjarr.tv\/en\/wp-json\/wp\/v2\/tags?post=187580"}],"curies":[{"name":"wp","href":"https:\/\/api.w.org\/{rel}","templated":true}]}}