{"id":187583,"date":"2021-06-10T07:18:18","date_gmt":"2021-06-10T05:18:18","guid":{"rendered":"https:\/\/zjarr.tv\/?p=187583"},"modified":"2021-06-10T07:29:30","modified_gmt":"2021-06-10T05:29:30","slug":"shkarkimi-i-metes-arjan-curri-plas-deklaraten-e-forte-fakti-qe-seshte-percaktuar-nese-presidenti-ka-kryer-shkelje-te-rende-e-rrezon-kete-sepse","status":"publish","type":"post","link":"https:\/\/zjarr.tv\/en\/shkarkimi-i-metes-arjan-curri-plas-deklaraten-e-forte-fakti-qe-seshte-percaktuar-nese-presidenti-ka-kryer-shkelje-te-rende-e-rrezon-kete-sepse\/","title":{"rendered":"Arjan Curri plas deklarat\u00ebn e fort\u00eb p\u00ebr shkarkimin e Met\u00ebs: Fakti q\u00eb s\u2019\u00ebsht\u00eb p\u00ebrcaktuar n\u00ebse Presidenti ka kryer shkelje t\u00eb r\u00ebnd\u00eb, e rr\u00ebzon k\u00ebt\u00eb sepse\u2026"},"content":{"rendered":"<p>Mbr\u00ebmjen e djeshme, analisti Arjan Curri, ishte i ftuar n\u00eb \u201cOpen\u201d, ku u shpreh se fakti q\u00eb nuk \u00ebsht\u00eb p\u00ebrcaktuar dot n\u00ebse Presidenti Ilir Meta, ka kryer shkelje t\u00eb r\u00ebnd\u00eb apo jo, e rr\u00ebzon pjes\u00ebn q\u00eb \u00ebsht\u00eb e r\u00ebnd\u00eb.<\/p>\n<p>Ky opinion i tij vjen pas shkarkimit nga 104 deputet\u00eb t\u00eb kuvendit dit\u00ebn e m\u00ebrkur\u00eb, nd\u00ebrsa verdiktin p\u00ebrfundimtar do e jap\u00eb Gjykata Kushtetuese.<\/p>\n<p><em>\u201cKa nj\u00eb koncept kushtetues q\u00eb \u00ebsht\u00eb mbar\u00ebbot\u00ebror q\u00eb president\u00ebt si qenie politike mund t\u00eb kuptohen n\u00eb m\u00ebnyra t\u00eb ndryshme nga njer\u00ebz t\u00eb ndrysh\u00ebm. K\u00ebta q\u00eb na japin standardet e tyre t\u00eb na japin edhe vepra. Nga ana filozofike ka\u00a0 nj\u00eb koncept mbi \u00e7far\u00eb \u00ebsht\u00eb e pranishme apo jo. Fakti q\u00eb se p\u00ebrcaktojm\u00eb dot \u00ebsht\u00eb shkelje e r\u00ebnd\u00eb apo jo, e rr\u00ebzon pjes\u00ebn q\u00eb \u00ebsht\u00eb e r\u00ebnd\u00eb\u201d<\/em>, u shpreh Curri.<\/p>","protected":false},"excerpt":{"rendered":"<p>Mbr\u00ebmjen e djeshme, analisti Arjan Curri, ishte i ftuar n\u00eb \u201cOpen\u201d, ku u shpreh se fakti q\u00eb nuk \u00ebsht\u00eb p\u00ebrcaktuar dot n\u00ebse Presidenti Ilir Meta, ka kryer shkelje t\u00eb r\u00ebnd\u00eb apo jo, e rr\u00ebzon pjes\u00ebn q\u00eb \u00ebsht\u00eb e r\u00ebnd\u00eb. Ky opinion i tij vjen pas shkarkimit nga 104 deputet\u00eb t\u00eb kuvendit dit\u00ebn e m\u00ebrkur\u00eb, nd\u00ebrsa [&hellip;]<\/p>\n","protected":false},"author":2016,"featured_media":187585,"comment_status":"closed","ping_status":"closed","sticky":false,"template":"","format":"standard","meta":{"footnotes":""},"categories":[241],"tags":[3690],"class_list":{"0":"post-187583","1":"post","2":"type-post","3":"status-publish","4":"format-standard","5":"has-post-thumbnail","7":"category-aktualitet","8":"tag-lajme-zjarr-arjan-curri-ben-deklaraten-e-forte-zjarr-tv"},"_links":{"self":[{"href":"https:\/\/zjarr.tv\/en\/wp-json\/wp\/v2\/posts\/187583","targetHints":{"allow":["GET"]}}],"collection":[{"href":"https:\/\/zjarr.tv\/en\/wp-json\/wp\/v2\/posts"}],"about":[{"href":"https:\/\/zjarr.tv\/en\/wp-json\/wp\/v2\/types\/post"}],"author":[{"embeddable":true,"href":"https:\/\/zjarr.tv\/en\/wp-json\/wp\/v2\/users\/2016"}],"replies":[{"embeddable":true,"href":"https:\/\/zjarr.tv\/en\/wp-json\/wp\/v2\/comments?post=187583"}],"version-history":[{"count":0,"href":"https:\/\/zjarr.tv\/en\/wp-json\/wp\/v2\/posts\/187583\/revisions"}],"wp:featuredmedia":[{"embeddable":true,"href":"https:\/\/zjarr.tv\/en\/wp-json\/wp\/v2\/media\/187585"}],"wp:attachment":[{"href":"https:\/\/zjarr.tv\/en\/wp-json\/wp\/v2\/media?parent=187583"}],"wp:term":[{"taxonomy":"category","embeddable":true,"href":"https:\/\/zjarr.tv\/en\/wp-json\/wp\/v2\/categories?post=187583"},{"taxonomy":"post_tag","embeddable":true,"href":"https:\/\/zjarr.tv\/en\/wp-json\/wp\/v2\/tags?post=187583"}],"curies":[{"name":"wp","href":"https:\/\/api.w.org\/{rel}","templated":true}]}}