{"id":187602,"date":"2021-06-10T08:21:59","date_gmt":"2021-06-10T06:21:59","guid":{"rendered":"https:\/\/zjarr.tv\/?p=187602"},"modified":"2021-06-10T08:21:59","modified_gmt":"2021-06-10T06:21:59","slug":"kreshnik-spahiu-nxjerr-prapaskenat-e-forta-pse-e-gjithe-bota-heshti-per-shkarkimin-e-ilir-metes","status":"publish","type":"post","link":"https:\/\/zjarr.tv\/en\/kreshnik-spahiu-nxjerr-prapaskenat-e-forta-pse-e-gjithe-bota-heshti-per-shkarkimin-e-ilir-metes\/","title":{"rendered":"Kreshnik Spahiu nxjerr prapaskenat e forta: Pse e gjith\u00eb bota heshti p\u00ebr shkarkimin e Ilir Met\u00ebs?"},"content":{"rendered":"<p>Ish-kreu i Aleanc\u00ebs Kuq e Zi, Kreshnik Spahiu, n\u00ebp\u00ebrmjet nj\u00eb komenti t\u00eb publikuar n\u00eb rrjetet sociale, ka renditur se p\u00ebrse nuk pati asnj\u00eb reagim p\u00ebr shkarkimin e Presidentit Meta nga Kuvendi, qoft\u00eb nga amerikan\u00ebt, europian\u00ebt, apo edhe mb\u00ebshtet\u00ebsit e tij.<\/p>\n<p><strong style=\"font-style: inherit;\">Postimi i plot\u00eb:<\/strong><\/p>\n<p><em style=\"font-weight: inherit;\">\u201cPse e gjith\u00eb bota heshti p\u00ebr shkarkimin e Ilir Met\u00ebs? <\/em><em style=\"font-weight: inherit;\">30 vjet n\u00eb pushtet dhe sot asnj\u00eb nd\u00ebrkomb\u00ebtar nuk foli nj\u00eb fjal\u00eb kund\u00ebr shkarkimit t\u00eb Ilir Met\u00ebs.<\/em><\/p>\n<p><em style=\"font-weight: inherit;\">\u00a0Hesht\u00ebn amerikan\u00ebt<\/em><\/p>\n<p><em style=\"font-weight: inherit;\">\u00a0Hesht\u00ebn europian\u00ebt<\/em><\/p>\n<p><em style=\"font-weight: inherit;\">Heshti OSBE<\/em><\/p>\n<p><em style=\"font-weight: inherit;\">Hesht\u00ebn fqinj\u00ebt grek, maqedonas dhe bullgar<\/em><\/p>\n<p><em style=\"font-weight: inherit;\">Hesht\u00ebn v\u00ebllezrit kosovar q\u00eb i priste me dreka dhe darka te vila e Lalzit<\/em><\/p>\n<p><em style=\"font-weight: inherit;\">Heshti Ramushi dhe Albini<\/em><\/p>\n<p><em style=\"font-weight: inherit;\">Hesht\u00ebn mijra t\u00eb dekoruar me teneqe alumini me urdhrat Skenderbeu apo N\u00ebn Tereza<\/em><\/p>\n<p><em>Hesht\u00ebn v\u00ebllezrit opozitar B &amp; B<\/em><\/p>\n<p><em>Hesht\u00ebn komshinjt\u00eb e Gjirit Lalzit<\/em><\/p>\n<p><em>Heshti edhe Baba Mondi<\/em><\/p>\n<p><em>Hesht\u00ebn gjimnazistet e LSI<\/em><\/p>\n<p><em style=\"font-weight: inherit;\">Hesht\u00ebn protestuesit e 2 Marsit<\/em><\/p>\n<p><em style=\"font-weight: inherit;\"> Heshti edhe gruaja Monika, q\u00eb e dogji me djegien e mandateve <\/em><em style=\"font-weight: inherit;\">T\u00eb gjith\u00eb hesht\u00ebn, sepse kishte ardhur ora dhe \u00e7do kujt po i neveritej n\u00eb m\u00ebnyr\u00ebn si kacavirrej pas karrikes e cila nuk mbron kushtetut\u00ebn por prapanicn e tij. <\/em><em style=\"font-weight: inherit;\">T\u00eb gjith\u00eb hesht\u00ebn sepse n\u00eb fund e kuptuan q\u00eb dhe ajo fije burr\u00ebri fiktive q\u00eb mendonin nuk ekzistoi tek ai n\u00eb 26 Prill kur duhet t\u00eb jepte dor\u00ebheqje si premtim, p\u00ebr integritet me publikun dhe miqt\u00eb e tij. <\/em><em style=\"font-weight: inherit;\">T\u00eb gjith\u00eb hesht\u00ebn sepse askush nuk e konsideronte nj\u00eb president t\u00eb popullit, por thjesht nj\u00eb i p\u00ebrk\u00ebdhelur i atyre q\u00eb em\u00ebruan dhe shkarkuan disa her\u00eb n\u00eb k\u00ebto 30 vjet. <\/em><em style=\"font-weight: inherit;\">T\u00eb gjith\u00eb hesht\u00ebn sepse n\u00eb fund e pan\u00eb se si u p\u00ebrdor dhe sot ja hodh\u00ebn si mish gjahu q\u00eb ta shqyejn\u00eb t\u00eb gjith\u00eb nga pak. <\/em><em style=\"font-weight: inherit;\">Hesht\u00ebn edhe p\u00ebr nj\u00eb arsye tjet\u00ebr\u2026.<\/em><\/p>\n<p><em style=\"font-weight: inherit;\">Askush nuk d\u00ebshiron t\u00eb bashkohet funeralit t\u00eb tij politik, pasi e kan\u00eb t\u00eb qart\u00eb \u00e7far\u00eb gijotine po e pret nga ata q\u00eb i kc\u00ebr\u00ebnonte se do ju hante veshin apo do i hidhte n\u00eb Malin me gropa. <\/em><em style=\"font-weight: inherit;\">T\u00eb gjith\u00eb heshtin kur e kuptojn\u00eb q\u00eb i ke b\u00ebr\u00eb grop\u00ebn vetes.\u201d<\/em>, ka shkruar Spahiu.<\/p>\n<p>&nbsp;<\/p>","protected":false},"excerpt":{"rendered":"<p>Ish-kreu i Aleanc\u00ebs Kuq e Zi, Kreshnik Spahiu, n\u00ebp\u00ebrmjet nj\u00eb komenti t\u00eb publikuar n\u00eb rrjetet sociale, ka renditur se p\u00ebrse nuk pati asnj\u00eb reagim p\u00ebr shkarkimin e Presidentit Meta nga Kuvendi, qoft\u00eb nga amerikan\u00ebt, europian\u00ebt, apo edhe mb\u00ebshtet\u00ebsit e tij. Postimi i plot\u00eb: \u201cPse e gjith\u00eb bota heshti p\u00ebr shkarkimin e Ilir Met\u00ebs? 30 vjet [&hellip;]<\/p>\n","protected":false},"author":2016,"featured_media":187604,"comment_status":"closed","ping_status":"closed","sticky":false,"template":"","format":"standard","meta":{"footnotes":""},"categories":[241],"tags":[3695],"class_list":{"0":"post-187602","1":"post","2":"type-post","3":"status-publish","4":"format-standard","5":"has-post-thumbnail","7":"category-aktualitet","8":"tag-lajme-zjarr-spahiu-nxjerr-prapaskenat-e-forta-zjarr-tv"},"_links":{"self":[{"href":"https:\/\/zjarr.tv\/en\/wp-json\/wp\/v2\/posts\/187602","targetHints":{"allow":["GET"]}}],"collection":[{"href":"https:\/\/zjarr.tv\/en\/wp-json\/wp\/v2\/posts"}],"about":[{"href":"https:\/\/zjarr.tv\/en\/wp-json\/wp\/v2\/types\/post"}],"author":[{"embeddable":true,"href":"https:\/\/zjarr.tv\/en\/wp-json\/wp\/v2\/users\/2016"}],"replies":[{"embeddable":true,"href":"https:\/\/zjarr.tv\/en\/wp-json\/wp\/v2\/comments?post=187602"}],"version-history":[{"count":0,"href":"https:\/\/zjarr.tv\/en\/wp-json\/wp\/v2\/posts\/187602\/revisions"}],"wp:featuredmedia":[{"embeddable":true,"href":"https:\/\/zjarr.tv\/en\/wp-json\/wp\/v2\/media\/187604"}],"wp:attachment":[{"href":"https:\/\/zjarr.tv\/en\/wp-json\/wp\/v2\/media?parent=187602"}],"wp:term":[{"taxonomy":"category","embeddable":true,"href":"https:\/\/zjarr.tv\/en\/wp-json\/wp\/v2\/categories?post=187602"},{"taxonomy":"post_tag","embeddable":true,"href":"https:\/\/zjarr.tv\/en\/wp-json\/wp\/v2\/tags?post=187602"}],"curies":[{"name":"wp","href":"https:\/\/api.w.org\/{rel}","templated":true}]}}