{"id":187663,"date":"2021-06-10T13:06:05","date_gmt":"2021-06-10T11:06:05","guid":{"rendered":"https:\/\/zjarr.tv\/?p=187663"},"modified":"2021-06-10T13:06:05","modified_gmt":"2021-06-10T11:06:05","slug":"certifikohet-edhe-shkodra-kolegji-zgjedhor-rrezon-pd-per-perseritjen-e-zgjedhjeve-lsi-ja-nuk-shkoi-fare-ne-seance","status":"publish","type":"post","link":"https:\/\/zjarr.tv\/en\/certifikohet-edhe-shkodra-kolegji-zgjedhor-rrezon-pd-per-perseritjen-e-zgjedhjeve-lsi-ja-nuk-shkoi-fare-ne-seance\/","title":{"rendered":"Certifikohet edhe Shkodra, Kolegji Zgjedhor rr\u00ebzon PD p\u00ebr p\u00ebrs\u00ebritjen e zgjedhjeve, LSI-ja nuk shkoi fare n\u00eb seanc\u00eb"},"content":{"rendered":"<p style=\"background: white; margin: 0in 0in 19.5pt 0in;\">N\u00eb Shkod\u00ebr nuk ka p\u00ebrs\u00ebritje t\u00eb zgjedhjeve. K\u00ebshtu ka vendosur pak m\u00eb par\u00eb Kolegji Zgjedhor Gjyq\u00ebsor, shkruan newsbomb.al Seanca ka nisur prej paradites s\u00eb sotme, nd\u00ebrsa vendimi u dha vet\u00ebm pak momente m\u00eb par\u00eb.<\/p>\n<p style=\"background: white; -webkit-tap-highlight-color: transparent !important; box-sizing: border-box; overflow-wrap: break-word; font-variant-ligatures: normal; font-variant-caps: normal; orphans: 2; widows: 2; -webkit-text-stroke-width: 0px; text-decoration-thickness: initial; text-decoration-style: initial; text-decoration-color: initial; word-spacing: 0px; margin: 0in 0in 19.5pt 0in;\">Me shumic\u00eb votash, gjyqtar\u00ebt e Kolegjit Zgjedhor kan\u00eb rr\u00ebzuar k\u00ebrkes\u00ebn e PD dhe LSI p\u00ebr shpalljen si t\u00eb pavlefsh\u00ebm t\u00eb rezultatit p\u00ebr 25 prillin dhe p\u00ebrs\u00ebritjen e zgjedhjeve. N\u00eb k\u00ebt\u00eb m\u00ebnyr\u00eb, organi m\u00eb i lart\u00eb p\u00ebr shqyrtimin e ankesave, ka legjitimuar zgjedhjet dhe n\u00eb nj\u00eb tjet\u00ebr qark.<\/p>\n<p style=\"background: white; -webkit-tap-highlight-color: transparent !important; box-sizing: border-box; overflow-wrap: break-word; font-variant-ligatures: normal; font-variant-caps: normal; orphans: 2; widows: 2; -webkit-text-stroke-width: 0px; text-decoration-thickness: initial; text-decoration-style: initial; text-decoration-color: initial; word-spacing: 0px; margin: 0in 0in 19.5pt 0in;\">Nd\u00ebrkoh\u00eb,<a style=\"-webkit-tap-highlight-color: transparent !important; box-sizing: border-box; pointer-events: auto;\" href=\"https:\/\/newsbomb.al\/lsi-ja-dorezohet-dhe-braktis-kolegjin-zgjedhor-nuk-shkon-ne-seance-per-te-kerkuar-shpalljen-e-25-prillit-te-pavlefshem\/\" target=\"_blank\" rel=\"noopener\" data-type=\"URL\" data-id=\"https:\/\/newsbomb.al\/lsi-ja-dorezohet-dhe-braktis-kolegjin-zgjedhor-nuk-shkon-ne-seance-per-te-kerkuar-shpalljen-e-25-prillit-te-pavlefshem\/\" data-wpel-link=\"internal\"><span style=\"color: windowtext; text-decoration: none; text-underline: none;\">\u00a0L\u00ebvizja Socialiste p\u00ebr Integrim\u00a0<\/span><\/a>kishte paraqitur padin\u00eb e saj n\u00eb Kolegj por sot nuk ka marr\u00eb pjes\u00eb dhe as nuk ka njoftuar p\u00ebr mospranin\u00eb.<br style=\"-webkit-tap-highlight-color: transparent !important; box-sizing: border-box;\" \/><br style=\"-webkit-tap-highlight-color: transparent !important; box-sizing: border-box;\" \/>M\u00eb her\u00ebt, Kolegji Zgjedhor Gjyq\u00ebsor ka rr\u00ebzuar edhe kat\u00ebr padi p\u00ebr qarqet Gjirokast\u00ebr, Durr\u00ebs, Vlor\u00eb, Tiran\u00eb. Sot, k\u00ebtyre qarqeve iu bashkohet dhe ai i Shkodr\u00ebs.<\/p>","protected":false},"excerpt":{"rendered":"<p>N\u00eb Shkod\u00ebr nuk ka p\u00ebrs\u00ebritje t\u00eb zgjedhjeve. K\u00ebshtu ka vendosur pak m\u00eb par\u00eb Kolegji Zgjedhor Gjyq\u00ebsor, shkruan newsbomb.al Seanca ka nisur prej paradites s\u00eb sotme, nd\u00ebrsa vendimi u dha vet\u00ebm pak momente m\u00eb par\u00eb. Me shumic\u00eb votash, gjyqtar\u00ebt e Kolegjit Zgjedhor kan\u00eb rr\u00ebzuar k\u00ebrkes\u00ebn e PD dhe LSI p\u00ebr shpalljen si t\u00eb pavlefsh\u00ebm t\u00eb rezultatit [&hellip;]<\/p>\n","protected":false},"author":2030,"featured_media":187665,"comment_status":"closed","ping_status":"closed","sticky":false,"template":"","format":"standard","meta":{"footnotes":""},"categories":[241,1454],"tags":[],"class_list":{"0":"post-187663","1":"post","2":"type-post","3":"status-publish","4":"format-standard","5":"has-post-thumbnail","7":"category-aktualitet","8":"category-politike"},"_links":{"self":[{"href":"https:\/\/zjarr.tv\/en\/wp-json\/wp\/v2\/posts\/187663","targetHints":{"allow":["GET"]}}],"collection":[{"href":"https:\/\/zjarr.tv\/en\/wp-json\/wp\/v2\/posts"}],"about":[{"href":"https:\/\/zjarr.tv\/en\/wp-json\/wp\/v2\/types\/post"}],"author":[{"embeddable":true,"href":"https:\/\/zjarr.tv\/en\/wp-json\/wp\/v2\/users\/2030"}],"replies":[{"embeddable":true,"href":"https:\/\/zjarr.tv\/en\/wp-json\/wp\/v2\/comments?post=187663"}],"version-history":[{"count":0,"href":"https:\/\/zjarr.tv\/en\/wp-json\/wp\/v2\/posts\/187663\/revisions"}],"wp:featuredmedia":[{"embeddable":true,"href":"https:\/\/zjarr.tv\/en\/wp-json\/wp\/v2\/media\/187665"}],"wp:attachment":[{"href":"https:\/\/zjarr.tv\/en\/wp-json\/wp\/v2\/media?parent=187663"}],"wp:term":[{"taxonomy":"category","embeddable":true,"href":"https:\/\/zjarr.tv\/en\/wp-json\/wp\/v2\/categories?post=187663"},{"taxonomy":"post_tag","embeddable":true,"href":"https:\/\/zjarr.tv\/en\/wp-json\/wp\/v2\/tags?post=187663"}],"curies":[{"name":"wp","href":"https:\/\/api.w.org\/{rel}","templated":true}]}}