{"id":187668,"date":"2021-06-10T13:42:52","date_gmt":"2021-06-10T11:42:52","guid":{"rendered":"https:\/\/zjarr.tv\/?p=187668"},"modified":"2021-06-10T13:42:52","modified_gmt":"2021-06-10T11:42:52","slug":"be-pergenjeshtron-gramoz-rucin-rregullorja-per-mediat-nuk-eshte-sipas-parimeve-tona","status":"publish","type":"post","link":"https:\/\/zjarr.tv\/en\/be-pergenjeshtron-gramoz-rucin-rregullorja-per-mediat-nuk-eshte-sipas-parimeve-tona\/","title":{"rendered":"BE p\u00ebrg\u00ebnjeshtron Gramoz Ru\u00e7in: Rregullorja p\u00ebr mediat nuk \u00ebsht\u00eb sipas parimeve tona\u2026"},"content":{"rendered":"<p style=\"line-height: 19.5pt; background: white; vertical-align: baseline; margin: 0in 0in 12.0pt 0in;\"><span style=\"color: black;\">Delegacioni i Bashkimit Evropian n\u00eb Tiran\u00eb, ka p\u00ebrg\u00ebnj\u00ebshtruar Kuvendin e Shqip\u00ebris\u00eb, i cili doli dhe u shpreh p\u00ebr ndalimin e mediave, n\u00eb ambientet e Kuvendit ishte konsultuar me BE.<\/span><\/p>\n<p style=\"line-height: 19.5pt; background: white; vertical-align: baseline; box-sizing: border-box; font-variant-ligatures: normal; font-variant-caps: normal; orphans: 2; text-align: start; widows: 2; -webkit-text-stroke-width: 0px; list-style-position: outside; word-spacing: 0px; margin: 0in 0in 12.0pt 0in;\"><span style=\"color: black;\">\u201cD\u00ebgjesat publike dhe qasja e mediave n\u00eb Parlament p\u00ebr t\u00eb mbuluar pun\u00ebn e Seanc\u00ebs Plenare dhe komisioneve t\u00eb saj jan\u00eb tipare t\u00eb r\u00ebnd\u00ebsishme t\u00eb nj\u00eb demokracie liberale.<\/span><\/p>\n<p style=\"line-height: 19.5pt; background: white; vertical-align: baseline; margin: 0in 0in 12.0pt 0in;\"><span style=\"color: black;\"><span style=\"box-sizing: border-box; list-style-position: outside;\">Na vjen keq p\u00ebr munges\u00ebn e konsultimeve me mediat p\u00ebrpara miratimit t\u00eb rregullave t\u00eb reja nga Parlamenti. K\u00ebto rregulla nuk jan\u00eb n\u00eb p\u00ebrgjigje t\u00eb udh\u00ebzimeve t\u00eb BE-s\u00eb ose k\u00ebshillave t\u00eb dh\u00ebna n\u00ebn ndihm\u00ebn e IPA-s, t\u00eb nisur n\u00eb k\u00ebt\u00eb kontekst n\u00eb vitin 2014.\u2019-p\u00ebrg\u00ebnjeshtron BE n\u00eb twitter.<\/span><\/span><\/p>","protected":false},"excerpt":{"rendered":"<p>Delegacioni i Bashkimit Evropian n\u00eb Tiran\u00eb, ka p\u00ebrg\u00ebnj\u00ebshtruar Kuvendin e Shqip\u00ebris\u00eb, i cili doli dhe u shpreh p\u00ebr ndalimin e mediave, n\u00eb ambientet e Kuvendit ishte konsultuar me BE. \u201cD\u00ebgjesat publike dhe qasja e mediave n\u00eb Parlament p\u00ebr t\u00eb mbuluar pun\u00ebn e Seanc\u00ebs Plenare dhe komisioneve t\u00eb saj jan\u00eb tipare t\u00eb r\u00ebnd\u00ebsishme t\u00eb nj\u00eb demokracie [&hellip;]<\/p>\n","protected":false},"author":2016,"featured_media":187670,"comment_status":"closed","ping_status":"closed","sticky":false,"template":"","format":"standard","meta":{"footnotes":""},"categories":[241],"tags":[3707],"class_list":{"0":"post-187668","1":"post","2":"type-post","3":"status-publish","4":"format-standard","5":"has-post-thumbnail","7":"category-aktualitet","8":"tag-lajme-zjarr-be-pergenjeshtron-gramoz-rucin-zjarr-tv"},"_links":{"self":[{"href":"https:\/\/zjarr.tv\/en\/wp-json\/wp\/v2\/posts\/187668","targetHints":{"allow":["GET"]}}],"collection":[{"href":"https:\/\/zjarr.tv\/en\/wp-json\/wp\/v2\/posts"}],"about":[{"href":"https:\/\/zjarr.tv\/en\/wp-json\/wp\/v2\/types\/post"}],"author":[{"embeddable":true,"href":"https:\/\/zjarr.tv\/en\/wp-json\/wp\/v2\/users\/2016"}],"replies":[{"embeddable":true,"href":"https:\/\/zjarr.tv\/en\/wp-json\/wp\/v2\/comments?post=187668"}],"version-history":[{"count":0,"href":"https:\/\/zjarr.tv\/en\/wp-json\/wp\/v2\/posts\/187668\/revisions"}],"wp:featuredmedia":[{"embeddable":true,"href":"https:\/\/zjarr.tv\/en\/wp-json\/wp\/v2\/media\/187670"}],"wp:attachment":[{"href":"https:\/\/zjarr.tv\/en\/wp-json\/wp\/v2\/media?parent=187668"}],"wp:term":[{"taxonomy":"category","embeddable":true,"href":"https:\/\/zjarr.tv\/en\/wp-json\/wp\/v2\/categories?post=187668"},{"taxonomy":"post_tag","embeddable":true,"href":"https:\/\/zjarr.tv\/en\/wp-json\/wp\/v2\/tags?post=187668"}],"curies":[{"name":"wp","href":"https:\/\/api.w.org\/{rel}","templated":true}]}}