{"id":188077,"date":"2021-06-12T11:17:23","date_gmt":"2021-06-12T09:17:23","guid":{"rendered":"https:\/\/zjarr.tv\/?p=188077"},"modified":"2021-06-12T11:17:23","modified_gmt":"2021-06-12T09:17:23","slug":"erion-brace-po-shtrojme-rruget-qe-tu-vleje-fshatareve-per-eksportin-e-shalqinit-zgjedhjet-kane-mbaruar-punet-vazhdojnefoto","status":"publish","type":"post","link":"https:\/\/zjarr.tv\/en\/erion-brace-po-shtrojme-rruget-qe-tu-vleje-fshatareve-per-eksportin-e-shalqinit-zgjedhjet-kane-mbaruar-punet-vazhdojnefoto\/","title":{"rendered":"Erion Bra\u00e7e: Po shtrojm\u00eb rrug\u00ebt q\u00eb t\u2019u vlej\u00eb fshatar\u00ebve p\u00ebr eksportin e shalqinit, Zgjedhjet kan\u00eb mbaruar, pun\u00ebt vazhdojn\u00eb(Foto)"},"content":{"rendered":"<p>Z\u00ebvend\u00ebs Kryeministri Erion Bra\u00e7e, ka publikuar disa foto nga punimet e rrug\u00ebs s\u00eb Bisht\u00e7ukez\u00ebs n\u00eb fshat, q\u00eb po asfaltohet. Bra\u00e7e thot\u00eb se zgjedhjet kan\u00eb mbaruar, por pun\u00ebt jo. Me ironi shkruan se rruga e shtruar nuk u b\u00eb p\u00ebr vota, por t\u00eb pakt\u00ebn t\u2019u sh\u00ebrbej\u00eb fshatar\u00ebve p\u00ebr eksportin e shalqinit.<\/p>\n<p><strong style=\"font-style: inherit;\">Postimi:<\/strong><\/p>\n<p><em style=\"font-weight: inherit;\">\u201cPUNOJME!<\/em><\/p>\n<p><em style=\"font-weight: inherit;\">Po asfaltohet rruga e Bishtcukezes, <\/em><em style=\"font-weight: inherit;\">nga rruga nacionale ne qender te fshatit! <\/em><em style=\"font-weight: inherit;\">Zgjedhjet kane mbaruar, punet jo,<\/em><em style=\"font-weight: inherit;\">vazhdojme. <\/em><em style=\"font-weight: inherit;\">Per vota as qe vlejti, shumica nuk e cmoi; <\/em><em style=\"font-weight: inherit;\">Te pakten tu vleje per eksportin e shalqinit!<\/em><em style=\"font-weight: inherit;\">Beni shalqi te mire dhe te kuq!<\/em>\u201c-shkruan Bra\u00e7e.<\/p>\n<p><img loading=\"lazy\" decoding=\"async\" class=\"alignnone size-full wp-image-188078\" src=\"https:\/\/zjarr.tv\/wp-content\/uploads\/2021\/06\/rruget.png\" alt=\"\" width=\"501\" height=\"718\" srcset=\"https:\/\/zjarr.tv\/wp-content\/uploads\/2021\/06\/rruget.png 501w, https:\/\/zjarr.tv\/wp-content\/uploads\/2021\/06\/rruget-209x300.png 209w, https:\/\/zjarr.tv\/wp-content\/uploads\/2021\/06\/rruget-293x420.png 293w\" sizes=\"auto, (max-width: 501px) 100vw, 501px\" \/><\/p>","protected":false},"excerpt":{"rendered":"<p>Z\u00ebvend\u00ebs Kryeministri Erion Bra\u00e7e, ka publikuar disa foto nga punimet e rrug\u00ebs s\u00eb Bisht\u00e7ukez\u00ebs n\u00eb fshat, q\u00eb po asfaltohet. Bra\u00e7e thot\u00eb se zgjedhjet kan\u00eb mbaruar, por pun\u00ebt jo. Me ironi shkruan se rruga e shtruar nuk u b\u00eb p\u00ebr vota, por t\u00eb pakt\u00ebn t\u2019u sh\u00ebrbej\u00eb fshatar\u00ebve p\u00ebr eksportin e shalqinit. Postimi: \u201cPUNOJME! Po asfaltohet rruga [&hellip;]<\/p>\n","protected":false},"author":2016,"featured_media":188080,"comment_status":"closed","ping_status":"closed","sticky":false,"template":"","format":"standard","meta":{"footnotes":""},"categories":[241],"tags":[3754],"class_list":{"0":"post-188077","1":"post","2":"type-post","3":"status-publish","4":"format-standard","5":"has-post-thumbnail","7":"category-aktualitet","8":"tag-lajme-zjarr-erion-brace-zjarr-tv"},"_links":{"self":[{"href":"https:\/\/zjarr.tv\/en\/wp-json\/wp\/v2\/posts\/188077","targetHints":{"allow":["GET"]}}],"collection":[{"href":"https:\/\/zjarr.tv\/en\/wp-json\/wp\/v2\/posts"}],"about":[{"href":"https:\/\/zjarr.tv\/en\/wp-json\/wp\/v2\/types\/post"}],"author":[{"embeddable":true,"href":"https:\/\/zjarr.tv\/en\/wp-json\/wp\/v2\/users\/2016"}],"replies":[{"embeddable":true,"href":"https:\/\/zjarr.tv\/en\/wp-json\/wp\/v2\/comments?post=188077"}],"version-history":[{"count":0,"href":"https:\/\/zjarr.tv\/en\/wp-json\/wp\/v2\/posts\/188077\/revisions"}],"wp:featuredmedia":[{"embeddable":true,"href":"https:\/\/zjarr.tv\/en\/wp-json\/wp\/v2\/media\/188080"}],"wp:attachment":[{"href":"https:\/\/zjarr.tv\/en\/wp-json\/wp\/v2\/media?parent=188077"}],"wp:term":[{"taxonomy":"category","embeddable":true,"href":"https:\/\/zjarr.tv\/en\/wp-json\/wp\/v2\/categories?post=188077"},{"taxonomy":"post_tag","embeddable":true,"href":"https:\/\/zjarr.tv\/en\/wp-json\/wp\/v2\/tags?post=188077"}],"curies":[{"name":"wp","href":"https:\/\/api.w.org\/{rel}","templated":true}]}}