{"id":188311,"date":"2021-06-13T15:33:04","date_gmt":"2021-06-13T13:33:04","guid":{"rendered":"https:\/\/zjarr.tv\/?p=188311"},"modified":"2021-06-13T15:33:04","modified_gmt":"2021-06-13T13:33:04","slug":"shehaj-tha-se-ne-durres-po-votohet-me-dy-lista-anetaresh-reagon-xhaferri-pretendimet-e-tij-nuk-qendrojne","status":"publish","type":"post","link":"https:\/\/zjarr.tv\/en\/shehaj-tha-se-ne-durres-po-votohet-me-dy-lista-anetaresh-reagon-xhaferri-pretendimet-e-tij-nuk-qendrojne\/","title":{"rendered":"Shehaj tha se n\u00eb Durr\u00ebs po votohet me dy lista an\u00ebtar\u00ebsh, reagon Xhaferri: Pretendimet e tij nuk q\u00ebndrojn\u00eb"},"content":{"rendered":"<p>Kreu i Partis\u00eb Demokratike n\u00eb Durr\u00ebs, Ferdinand Xhaferri, i \u00ebsht\u00eb p\u00ebrgjigjur akuzave t\u00eb kandidatit Agron Shehaj se n\u00eb Durr\u00ebs ka dy lista votuesish, dhe se v\u00ebzhguesit e tij jan\u00eb penguar p\u00ebr kryerjen e detyrave.<\/p>\n<p>Xhaferri shprehet se ka dy lista, nj\u00eb q\u00eb ka ardhur nga Tirana me 2900 an\u00ebtar\u00ebt e PD dhe lista tjet\u00ebr \u00ebsht\u00eb ajo e emrave q\u00eb mund t\u00eb votojn\u00eb me kart\u00ebn e an\u00ebtar\u00ebsis\u00eb, t\u00eb cil\u00ebt lejohen t\u00eb votojn\u00eb me kart\u00eb.<\/p>\n<p><em>\u201cI gjith\u00eb procesi ka qen\u00eb model me nj\u00eb standard europian demokracie, \u00ebsht\u00eb vler\u00eb p\u00ebr PD dhe shoq\u00ebrin\u00eb shqiptare, edhe dita sotme ka qen\u00eb model. E pash\u00eb prononcimin e Shehjat dhe pyeta p\u00ebrfaq\u00ebsuesit e tij, por pretendimi nuk q\u00ebndron.<\/em><\/p>\n<p><em>Jan\u00eb dy lista e v\u00ebrtet, por nj\u00ebra \u00ebsht\u00eb ajo e ardhur nga Tirana dhe tjera \u00ebsht\u00eb lista e atyre an\u00ebtar\u00ebve q\u00eb votojn\u00eb me kart\u00eb dhe emrat e tyre futen n\u00eb k\u00ebt\u00eb list\u00eb shtes\u00eb. \u00a0<\/em><\/p>\n<p><em>\u00cbsht\u00eb lista me 2900 e ca an\u00ebtar\u00eb q\u00eb vjen nga Tirana dhe lista me ata q\u00eb kan\u00eb kart\u00ebn e an\u00ebtar\u00ebsis\u00eb por q\u00eb kan\u00eb koh\u00eb q\u00eb nuk jan\u00eb aktiv . Komisioni fotokopjon kart\u00ebn e an\u00ebtar\u00ebsis\u00eb dhe \u00ebsht\u00eb t\u00ebr\u00ebsisht i integruar n\u00eb proces t\u00eb rregullt\u201d,<\/em> tha Xhaferri.<\/p>\n<p>Agron Shehaj tha se n\u00eb Durr\u00ebs\u00a0\u00ebsht\u00eb shtuar nj\u00eb list\u00eb e re votuesish p\u00ebrve\u00e7 list\u00ebs q\u00eb \u00ebsht\u00eb d\u00ebrguar nga selia qendrore n\u00eb Tiran\u00eb.<\/p>","protected":false},"excerpt":{"rendered":"<p>Kreu i Partis\u00eb Demokratike n\u00eb Durr\u00ebs, Ferdinand Xhaferri, i \u00ebsht\u00eb p\u00ebrgjigjur akuzave t\u00eb kandidatit Agron Shehaj se n\u00eb Durr\u00ebs ka dy lista votuesish, dhe se v\u00ebzhguesit e tij jan\u00eb penguar p\u00ebr kryerjen e detyrave. Xhaferri shprehet se ka dy lista, nj\u00eb q\u00eb ka ardhur nga Tirana me 2900 an\u00ebtar\u00ebt e PD dhe lista tjet\u00ebr \u00ebsht\u00eb [&hellip;]<\/p>\n","protected":false},"author":2030,"featured_media":188312,"comment_status":"closed","ping_status":"closed","sticky":false,"template":"","format":"standard","meta":{"footnotes":""},"categories":[241,1454],"tags":[],"class_list":{"0":"post-188311","1":"post","2":"type-post","3":"status-publish","4":"format-standard","5":"has-post-thumbnail","7":"category-aktualitet","8":"category-politike"},"_links":{"self":[{"href":"https:\/\/zjarr.tv\/en\/wp-json\/wp\/v2\/posts\/188311","targetHints":{"allow":["GET"]}}],"collection":[{"href":"https:\/\/zjarr.tv\/en\/wp-json\/wp\/v2\/posts"}],"about":[{"href":"https:\/\/zjarr.tv\/en\/wp-json\/wp\/v2\/types\/post"}],"author":[{"embeddable":true,"href":"https:\/\/zjarr.tv\/en\/wp-json\/wp\/v2\/users\/2030"}],"replies":[{"embeddable":true,"href":"https:\/\/zjarr.tv\/en\/wp-json\/wp\/v2\/comments?post=188311"}],"version-history":[{"count":0,"href":"https:\/\/zjarr.tv\/en\/wp-json\/wp\/v2\/posts\/188311\/revisions"}],"wp:featuredmedia":[{"embeddable":true,"href":"https:\/\/zjarr.tv\/en\/wp-json\/wp\/v2\/media\/188312"}],"wp:attachment":[{"href":"https:\/\/zjarr.tv\/en\/wp-json\/wp\/v2\/media?parent=188311"}],"wp:term":[{"taxonomy":"category","embeddable":true,"href":"https:\/\/zjarr.tv\/en\/wp-json\/wp\/v2\/categories?post=188311"},{"taxonomy":"post_tag","embeddable":true,"href":"https:\/\/zjarr.tv\/en\/wp-json\/wp\/v2\/tags?post=188311"}],"curies":[{"name":"wp","href":"https:\/\/api.w.org\/{rel}","templated":true}]}}