{"id":188319,"date":"2021-06-13T16:12:26","date_gmt":"2021-06-13T14:12:26","guid":{"rendered":"https:\/\/zjarr.tv\/?p=188319"},"modified":"2021-06-13T16:12:26","modified_gmt":"2021-06-13T14:12:26","slug":"vasili-publikon-videon-e-rames-ja-si-genjeu-2-vite-me-pare-per-ndertimin-e-spitalit-te-ri-te-lacit","status":"publish","type":"post","link":"https:\/\/zjarr.tv\/en\/vasili-publikon-videon-e-rames-ja-si-genjeu-2-vite-me-pare-per-ndertimin-e-spitalit-te-ri-te-lacit\/","title":{"rendered":"Vasili publikon videon e Ram\u00ebs: Ja si g\u00ebnjeu 2 vite m\u00eb par\u00eb p\u00ebr nd\u00ebrtimin e spitalit t\u00eb ri t\u00eb La\u00e7it"},"content":{"rendered":"<p>N\u00ebnkryetari i L\u00ebvizjes Socialiste p\u00ebr Integrim, Petrit Vasili, akuzon kryeministrin Edi Rama si g\u00ebnjeshtar, pasi kur ka kaluar m\u00eb shum\u00eb se nj\u00eb vit nga deklarata e tij se do t\u00eb nd\u00ebrtonte spitalin e ri t\u00eb La\u00e7it, t\u00eb d\u00ebmtuar pas t\u00ebrmetit t\u00eb 26 n\u00ebntorit 2019, ky spital ka mbetur n\u00eb form\u00ebn e deklarat\u00ebs dhe propagand\u00ebs s\u00eb Rama.<\/p>\n<p>teksa risjell n\u00eb v\u00ebmendjen e opinionit publik dhe videon e deklarat\u00ebs propagandistike t\u00eb Ram\u00ebs,, Vasili thekson se spitali i ri nuk \u00ebsht\u00eb nd\u00ebrtuar akoma edhe sot.<\/p>\n<p>P\u00ebrmes rrjeteve sociale, Vasili shprehet se faktet e mashtrimit jan\u00eb sheshit, me z\u00eb dhe me figur\u00eb, dhe kush vazhdon dhe e beson k\u00ebt\u00eb g\u00ebnjeshtar s\u2019ka asnj\u00eb t\u00eb drejt\u00eb as t\u00eb ankohet dhe\u00a0 as t\u00eb k\u00ebrkoj\u00eb.<\/p>\n<p><strong>Postimi i plot<\/strong>\u00eb<strong> nga Petrit Vasili:\u00a0<\/strong><\/p>\n<p>Genjeshtra+ propagande= Edi Rama!(VIDEO).<\/p>\n<p>Ne 14 dhjetor 2019 Edi Rama premtonte me gojen plot, qe deri ne pranveren e 2020 do te ndertonte spitalin e ri te La\u00e7it te demtuar pas termetit te 26 nentorit.<\/p>\n<p>Ja cfare thoshte duke genjyer me serozitetin e mashtruesit profesionist:<\/p>\n<p>&#8220;Do ta prishim spitalin dhe shum\u00eb shpejt\u00eb do t\u00eb nd\u00ebrtojm\u00eb. Ju e mbani n\u00eb k\u00ebmb\u00eb dinjitetin e la\u00e7it, se burrat jan\u00eb\u2026e dini ju. Do t\u00eb behet nj\u00eb projekt i madh p\u00ebr La\u00e7in. Spitali do t\u00eb jet\u00eb i pari q\u00eb do t\u00eb nd\u00ebrtohet. Besoj q\u00eb deri n\u00eb fund t\u00eb pranver\u00ebs, do t\u00eb nd\u00ebrtohet spitali i ri.\u201d-tha Rama.<\/p>\n<p>Spitali i ri nuk eshte ndertuar akoma edhe sot.<\/p>\n<p>Po dihet qe ky s&#8217;ka turp dhe genjen 24 ore ne dite!!<\/p>\n<p>Faktet e mashtrimit jane sheshit, me ze dhe me figure, kush vazhdon dhe e beson kete genjeshtar s&#8217;ka asnje te drejte as te ankohet dhe as te kerkoje!<\/p>\n<div style=\"width: 426px;\" class=\"wp-video\"><video class=\"wp-video-shortcode\" id=\"video-188319-1\" width=\"426\" height=\"242\" preload=\"metadata\" controls=\"controls\"><source type=\"video\/mp4\" src=\"https:\/\/zjarr.tv\/wp-content\/uploads\/2021\/06\/198661074_3137453203152974_9075951257978735218_n.mp4?_=1\" \/><a href=\"https:\/\/zjarr.tv\/wp-content\/uploads\/2021\/06\/198661074_3137453203152974_9075951257978735218_n.mp4\">https:\/\/zjarr.tv\/wp-content\/uploads\/2021\/06\/198661074_3137453203152974_9075951257978735218_n.mp4<\/a><\/video><\/div>","protected":false},"excerpt":{"rendered":"<p>N\u00ebnkryetari i L\u00ebvizjes Socialiste p\u00ebr Integrim, Petrit Vasili, akuzon kryeministrin Edi Rama si g\u00ebnjeshtar, pasi kur ka kaluar m\u00eb shum\u00eb se nj\u00eb vit nga deklarata e tij se do t\u00eb nd\u00ebrtonte spitalin e ri t\u00eb La\u00e7it, t\u00eb d\u00ebmtuar pas t\u00ebrmetit t\u00eb 26 n\u00ebntorit 2019, ky spital ka mbetur n\u00eb form\u00ebn e deklarat\u00ebs dhe propagand\u00ebs s\u00eb [&hellip;]<\/p>\n","protected":false},"author":2030,"featured_media":188321,"comment_status":"closed","ping_status":"closed","sticky":false,"template":"","format":"standard","meta":{"footnotes":""},"categories":[241,1454],"tags":[],"class_list":{"0":"post-188319","1":"post","2":"type-post","3":"status-publish","4":"format-standard","5":"has-post-thumbnail","7":"category-aktualitet","8":"category-politike"},"_links":{"self":[{"href":"https:\/\/zjarr.tv\/en\/wp-json\/wp\/v2\/posts\/188319","targetHints":{"allow":["GET"]}}],"collection":[{"href":"https:\/\/zjarr.tv\/en\/wp-json\/wp\/v2\/posts"}],"about":[{"href":"https:\/\/zjarr.tv\/en\/wp-json\/wp\/v2\/types\/post"}],"author":[{"embeddable":true,"href":"https:\/\/zjarr.tv\/en\/wp-json\/wp\/v2\/users\/2030"}],"replies":[{"embeddable":true,"href":"https:\/\/zjarr.tv\/en\/wp-json\/wp\/v2\/comments?post=188319"}],"version-history":[{"count":0,"href":"https:\/\/zjarr.tv\/en\/wp-json\/wp\/v2\/posts\/188319\/revisions"}],"wp:featuredmedia":[{"embeddable":true,"href":"https:\/\/zjarr.tv\/en\/wp-json\/wp\/v2\/media\/188321"}],"wp:attachment":[{"href":"https:\/\/zjarr.tv\/en\/wp-json\/wp\/v2\/media?parent=188319"}],"wp:term":[{"taxonomy":"category","embeddable":true,"href":"https:\/\/zjarr.tv\/en\/wp-json\/wp\/v2\/categories?post=188319"},{"taxonomy":"post_tag","embeddable":true,"href":"https:\/\/zjarr.tv\/en\/wp-json\/wp\/v2\/tags?post=188319"}],"curies":[{"name":"wp","href":"https:\/\/api.w.org\/{rel}","templated":true}]}}