{"id":188324,"date":"2021-06-13T16:27:02","date_gmt":"2021-06-13T14:27:02","guid":{"rendered":"https:\/\/zjarr.tv\/?p=188324"},"modified":"2021-06-13T17:46:03","modified_gmt":"2021-06-13T15:46:03","slug":"pas-macron-e-peson-nje-tjeter-politikan-francez-i-hedhin-miell-ne-fytyre-video","status":"publish","type":"post","link":"https:\/\/zjarr.tv\/en\/pas-macron-e-peson-nje-tjeter-politikan-francez-i-hedhin-miell-ne-fytyre-video\/","title":{"rendered":"Pas Macron e p\u00ebson nj\u00eb tjet\u00ebr politikan francez, i hedhin miell n\u00eb fytyr\u00eb (Video)"},"content":{"rendered":"<p style=\"background: white; margin: 0in 0in 19.5pt 0in;\">Pas Macron k\u00ebsaj here nj\u00eb tjet\u00ebr politikat francez e ka p\u00ebsuar nga \u201cmllefi\u201d i qytetar\u00ebve.<\/p>\n<p style=\"background: white; -webkit-tap-highlight-color: transparent !important; box-sizing: border-box; overflow-wrap: break-word; font-variant-ligatures: normal; font-variant-caps: normal; orphans: 2; widows: 2; -webkit-text-stroke-width: 0px; text-decoration-thickness: initial; text-decoration-style: initial; text-decoration-color: initial; word-spacing: 0px; margin: 0in 0in 19.5pt 0in;\">Jean-Luc Melenchon, kandidat n\u00eb zgjedhjet presidenciale, k\u00ebt\u00eb t\u00eb diel\u00eb ka p\u00ebrjetuar nj\u00eb moment t\u00eb sikletsh\u00ebm ku gjat\u00eb protestave t\u00eb organizuara n\u00eb Paris, nj\u00eb qytetar e ka gjuajtur me miell.<\/p>\n<p style=\"background: white; -webkit-tap-highlight-color: transparent !important; box-sizing: border-box; overflow-wrap: break-word; font-variant-ligatures: normal; font-variant-caps: normal; orphans: 2; widows: 2; -webkit-text-stroke-width: 0px; text-decoration-thickness: initial; text-decoration-style: initial; text-decoration-color: initial; word-spacing: 0px; margin: 0in 0in 19.5pt 0in;\">Teksa ai ishte duke folur para gazetar\u00ebve lidhur me marshimin p\u00ebr liri, nj\u00eb burr\u00eb iu afrua dhe i hodhi miell n\u00eb fytyr\u00eb.<\/p>\n<p style=\"background: white; -webkit-tap-highlight-color: transparent !important; box-sizing: border-box; overflow-wrap: break-word; font-variant-ligatures: normal; font-variant-caps: normal; orphans: 2; widows: 2; -webkit-text-stroke-width: 0px; text-decoration-thickness: initial; text-decoration-style: initial; text-decoration-color: initial; word-spacing: 0px; margin: 0in 0in 19.5pt 0in;\">Sipas mediave vendase deri m\u00eb tani askush nuk \u00ebsht\u00eb arrestuar n\u00eb lidhje me k\u00ebt\u00eb incident, nd\u00ebrsa Melenchon ka b\u00ebr\u00eb thirrje q\u00eb sulmet e tilla duhet t\u00eb marrin fund.<\/p>\n<p style=\"background: white; -webkit-tap-highlight-color: transparent !important; box-sizing: border-box; overflow-wrap: break-word; font-variant-ligatures: normal; font-variant-caps: normal; orphans: 2; widows: 2; -webkit-text-stroke-width: 0px; text-decoration-thickness: initial; text-decoration-style: initial; text-decoration-color: initial; word-spacing: 0px; margin: 0in 0in 19.5pt 0in;\">Kujtojm\u00eb se disa dit\u00eb m\u00eb par\u00eb presidenti francez, Emmanuel Macron, u godit me shuplak\u00eb nga nj\u00eb djal\u00eb i ri i cili u d\u00ebnua me 4 muaj burg.<\/p>\n<blockquote class=\"twitter-tweet\" data-width=\"550\" data-dnt=\"true\">\n<p lang=\"fr\" dir=\"ltr\">Jean-Luc M\u00e9lenchon (ainsi que les journalistes sur place) viennent d&#39;\u00eatre enfarin\u00e9s par une personne non identifi\u00e9e \u00e0 la <a href=\"https:\/\/twitter.com\/hashtag\/MarcheDesLibert%C3%A9s?src=hash&amp;ref_src=twsrc%5Etfw\">#MarcheDesLibert\u00e9s<\/a>. R\u00e9action de <a href=\"https:\/\/twitter.com\/hashtag\/M%C3%A9lenchon?src=hash&amp;ref_src=twsrc%5Etfw\">#M\u00e9lenchon<\/a> : &quot;Je suis vivant tout va bien ce n&#39;est que de la farine&quot;. <a href=\"https:\/\/twitter.com\/hashtag\/12juin?src=hash&amp;ref_src=twsrc%5Etfw\">#12juin<\/a> <a href=\"https:\/\/t.co\/TnQNh1uiyn\">pic.twitter.com\/TnQNh1uiyn<\/a><\/p>\n<p>&mdash; BLAST (@blast_france) <a href=\"https:\/\/twitter.com\/blast_france\/status\/1403686430858166273?ref_src=twsrc%5Etfw\">June 12, 2021<\/a><\/p><\/blockquote>\n<p><script async src=\"https:\/\/platform.twitter.com\/widgets.js\" charset=\"utf-8\"><\/script><\/p>","protected":false},"excerpt":{"rendered":"<p>Pas Macron k\u00ebsaj here nj\u00eb tjet\u00ebr politikat francez e ka p\u00ebsuar nga \u201cmllefi\u201d i qytetar\u00ebve. Jean-Luc Melenchon, kandidat n\u00eb zgjedhjet presidenciale, k\u00ebt\u00eb t\u00eb diel\u00eb ka p\u00ebrjetuar nj\u00eb moment t\u00eb sikletsh\u00ebm ku gjat\u00eb protestave t\u00eb organizuara n\u00eb Paris, nj\u00eb qytetar e ka gjuajtur me miell. Teksa ai ishte duke folur para gazetar\u00ebve lidhur me marshimin p\u00ebr [&hellip;]<\/p>\n","protected":false},"author":2030,"featured_media":188325,"comment_status":"closed","ping_status":"closed","sticky":false,"template":"","format":"standard","meta":{"footnotes":""},"categories":[241,191],"tags":[],"class_list":{"0":"post-188324","1":"post","2":"type-post","3":"status-publish","4":"format-standard","5":"has-post-thumbnail","7":"category-aktualitet","8":"category-bota"},"_links":{"self":[{"href":"https:\/\/zjarr.tv\/en\/wp-json\/wp\/v2\/posts\/188324","targetHints":{"allow":["GET"]}}],"collection":[{"href":"https:\/\/zjarr.tv\/en\/wp-json\/wp\/v2\/posts"}],"about":[{"href":"https:\/\/zjarr.tv\/en\/wp-json\/wp\/v2\/types\/post"}],"author":[{"embeddable":true,"href":"https:\/\/zjarr.tv\/en\/wp-json\/wp\/v2\/users\/2030"}],"replies":[{"embeddable":true,"href":"https:\/\/zjarr.tv\/en\/wp-json\/wp\/v2\/comments?post=188324"}],"version-history":[{"count":0,"href":"https:\/\/zjarr.tv\/en\/wp-json\/wp\/v2\/posts\/188324\/revisions"}],"wp:featuredmedia":[{"embeddable":true,"href":"https:\/\/zjarr.tv\/en\/wp-json\/wp\/v2\/media\/188325"}],"wp:attachment":[{"href":"https:\/\/zjarr.tv\/en\/wp-json\/wp\/v2\/media?parent=188324"}],"wp:term":[{"taxonomy":"category","embeddable":true,"href":"https:\/\/zjarr.tv\/en\/wp-json\/wp\/v2\/categories?post=188324"},{"taxonomy":"post_tag","embeddable":true,"href":"https:\/\/zjarr.tv\/en\/wp-json\/wp\/v2\/tags?post=188324"}],"curies":[{"name":"wp","href":"https:\/\/api.w.org\/{rel}","templated":true}]}}