{"id":188328,"date":"2021-06-13T17:07:00","date_gmt":"2021-06-13T15:07:00","guid":{"rendered":"https:\/\/zjarr.tv\/?p=188328"},"modified":"2021-06-13T17:07:00","modified_gmt":"2021-06-13T15:07:00","slug":"udheheqesit-e-g7-bien-dakord-do-te-dhurohen-1-miliard-doza-vaksinash-anti-covid-per-vendet-e-varfra","status":"publish","type":"post","link":"https:\/\/zjarr.tv\/en\/udheheqesit-e-g7-bien-dakord-do-te-dhurohen-1-miliard-doza-vaksinash-anti-covid-per-vendet-e-varfra\/","title":{"rendered":"Udh\u00ebheq\u00ebsit e G7 bien dakord: Do t\u00eb dhurohen 1 miliard doza vaksinash anti-COVID p\u00ebr vendet e varfra"},"content":{"rendered":"<p>N\u00eb samitin e 7 vendeve m\u00eb t\u00eb pasura t\u00eb bot\u00ebs q\u00eb po mbahet n\u00eb Britanin\u00eb e Madhe, lider\u00ebt e SHBA-s\u00eb, Gjermanis\u00eb, Franc\u00ebs, Italis\u00eb, Britanis\u00eb s\u00eb Madhe, Kanadas\u00eb dhe Japonis\u00eb kan\u00eb r\u00ebn\u00eb dakord p\u00ebr shp\u00ebrndarjen e 1 miliard dozave t\u00eb vaksin\u00ebave anti-COVID p\u00ebr vendet e varfra.<\/p>\n<p>Ata than\u00eb se do t\u00eb shfryt\u00ebzojn\u00eb fuqin\u00eb e demokracis\u00eb, liris\u00eb, barazis\u00eb, shtetit t\u00eb s\u00eb drejt\u00ebs dhe respektit p\u00ebr t\u00eb drejtat e njeriut p\u00ebr t\u00eb kap\u00ebrcyer v\u00ebshtir\u00ebsit\u00eb m\u00eb t\u00eb m\u00ebdha\u201d.<\/p>\n<p><em>\u201cUdh\u00ebheq\u00ebsit kan\u00eb premtuar mbi nj\u00eb miliard doza, ose drejtp\u00ebrdrejt ose p\u00ebrmes financimit t\u00eb COVAX-it<\/em>\u201d tha kryeministri britanik Boris Johnson.<\/p>\n<p>Lider\u00ebt e G7 i k\u00ebrkuan edhe Kin\u00ebs q\u00eb t\u00eb bashk\u00ebpunoj\u00eb me Organizat\u00ebn Bot\u00ebrore t\u00eb Sh\u00ebndet\u00ebsis\u00eb p\u00ebr nj\u00eb hetim n\u00eb lidhje me origjin\u00ebn e koronavirusit.<\/p>\n<p><em>\u201cNe b\u00ebjm\u00eb thirrje p\u00ebr nj\u00eb studim transparent, t\u00eb udh\u00ebhequr nga ekspert\u00ebt dhe t\u00eb bazuar n\u00eb shkenc\u00eb\u201d<\/em>, tha G7 n\u00eb deklarat\u00ebn p\u00ebrfundimtare, pas samitit tre-ditor.<\/p>","protected":false},"excerpt":{"rendered":"<p>N\u00eb samitin e 7 vendeve m\u00eb t\u00eb pasura t\u00eb bot\u00ebs q\u00eb po mbahet n\u00eb Britanin\u00eb e Madhe, lider\u00ebt e SHBA-s\u00eb, Gjermanis\u00eb, Franc\u00ebs, Italis\u00eb, Britanis\u00eb s\u00eb Madhe, Kanadas\u00eb dhe Japonis\u00eb kan\u00eb r\u00ebn\u00eb dakord p\u00ebr shp\u00ebrndarjen e 1 miliard dozave t\u00eb vaksin\u00ebave anti-COVID p\u00ebr vendet e varfra. Ata than\u00eb se do t\u00eb shfryt\u00ebzojn\u00eb fuqin\u00eb e demokracis\u00eb, liris\u00eb, [&hellip;]<\/p>\n","protected":false},"author":2030,"featured_media":188329,"comment_status":"closed","ping_status":"closed","sticky":false,"template":"","format":"standard","meta":{"footnotes":""},"categories":[241,191],"tags":[],"class_list":{"0":"post-188328","1":"post","2":"type-post","3":"status-publish","4":"format-standard","5":"has-post-thumbnail","7":"category-aktualitet","8":"category-bota"},"_links":{"self":[{"href":"https:\/\/zjarr.tv\/en\/wp-json\/wp\/v2\/posts\/188328","targetHints":{"allow":["GET"]}}],"collection":[{"href":"https:\/\/zjarr.tv\/en\/wp-json\/wp\/v2\/posts"}],"about":[{"href":"https:\/\/zjarr.tv\/en\/wp-json\/wp\/v2\/types\/post"}],"author":[{"embeddable":true,"href":"https:\/\/zjarr.tv\/en\/wp-json\/wp\/v2\/users\/2030"}],"replies":[{"embeddable":true,"href":"https:\/\/zjarr.tv\/en\/wp-json\/wp\/v2\/comments?post=188328"}],"version-history":[{"count":0,"href":"https:\/\/zjarr.tv\/en\/wp-json\/wp\/v2\/posts\/188328\/revisions"}],"wp:featuredmedia":[{"embeddable":true,"href":"https:\/\/zjarr.tv\/en\/wp-json\/wp\/v2\/media\/188329"}],"wp:attachment":[{"href":"https:\/\/zjarr.tv\/en\/wp-json\/wp\/v2\/media?parent=188328"}],"wp:term":[{"taxonomy":"category","embeddable":true,"href":"https:\/\/zjarr.tv\/en\/wp-json\/wp\/v2\/categories?post=188328"},{"taxonomy":"post_tag","embeddable":true,"href":"https:\/\/zjarr.tv\/en\/wp-json\/wp\/v2\/tags?post=188328"}],"curies":[{"name":"wp","href":"https:\/\/api.w.org\/{rel}","templated":true}]}}