{"id":188604,"date":"2021-06-14T19:36:25","date_gmt":"2021-06-14T17:36:25","guid":{"rendered":"https:\/\/zjarr.tv\/?p=188604"},"modified":"2021-06-14T19:36:25","modified_gmt":"2021-06-14T17:36:25","slug":"ministria-dha-alarmin-per-gripin-e-shpendeve-voltana-ademi-merr-vendimin-drastik-ne-territorin-e-bashkise-nuk-do-te","status":"publish","type":"post","link":"https:\/\/zjarr.tv\/en\/ministria-dha-alarmin-per-gripin-e-shpendeve-voltana-ademi-merr-vendimin-drastik-ne-territorin-e-bashkise-nuk-do-te\/","title":{"rendered":"Ministria dha alarmin p\u00ebr gripin e shpend\u00ebve, Voltana Ademi merr vendimin DRASTIK: N\u00eb territorin e bashkis\u00eb nuk do t\u00eb\u2026"},"content":{"rendered":"<p>Bashkia e Shkodr\u00ebs ka marr\u00eb vendimin drastik p\u00ebrsa i takon tregtimit t\u00eb shpend\u00ebve.<\/p>\n<p>Do t\u00eb ndalohet aktiviteti i tregtis\u00eb s\u00eb gj\u00ebs\u00eb s\u00eb gjall\u00eb n\u00eb t\u00eb gjith\u00eb territorin q\u00eb administrohet nga Bashkia e Shkodr\u00ebs.<\/p>\n<p>Vendimi vjen pas urdhrit t\u00eb Ministris\u00eb s\u00eb Sh\u00ebndet\u00ebsis\u00eb, \u201cP\u00ebr marrjen e masave kufizuese p\u00ebr parandalimin dhe kontrollin e s\u00ebmundjes s\u00eb influenc\u00ebs aviare n\u00eb shend\u00eb, n\u00eb mjediset e hapura dhe tregjet e kafsh\u00ebve t\u00eb gjalla\u201d, pas rasteve q\u00eb u shfaq\u00ebn n\u00eb tre vende n\u00eb Shqip\u00ebri.<\/p>\n<p>Ndalimi do t\u00eb jet\u00eb n\u00eb fuqi deri n\u00eb nj\u00eb njoftim t\u00eb dyt\u00eb.<\/p>\n<p>NJOFTIM<\/p>\n<p>N\u00eb zbatim t\u00eb Urdhrit Nr. 243, dat\u00eb 08.06.2021 t\u00eb Ministrit t\u00eb Bujq\u00ebsis\u00eb dhe Zhvillimit Rural Zj. Milva Ikonomi \u201cP\u00ebr marrjen e masave kufizuese p\u00ebr parandalimin dhe kontrollin e s\u00ebmundjes s\u00eb influenc\u00ebs aviare n\u00eb shend\u00eb, n\u00eb mjediset e hapura dhe tregjet e kafsh\u00ebve t\u00eb gjalla\u201d, duke nisur nga dita e nes\u00ebrme, dat\u00eb 15 qershor 2021, n\u00eb territorin e Bashkis\u00eb s\u00eb Shkodr\u00ebs ndalohet:<\/p>\n<p>Tregtimi i shpend\u00ebve t\u00eb gjall\u00eb n\u00eb mjediset e hapura dhe tregjet e kafsh\u00ebve t\u00eb gjalla n\u00eb territorin n\u00eb administim t\u00eb Bashkis\u00eb Shkod\u00ebr. Ky ndalim do t\u00eb jet\u00eb n\u00eb fuqi deri n\u00eb nj\u00eb njoftim t\u00eb dyt\u00eb dhe zbatimi do t\u00eb monitorohet rigorozisht n\u00eb terren nga t\u00eb gjitha strukturat e Bashkis\u00eb Shkod\u00ebr n\u00eb bashk\u00ebveprim me Drejtorin\u00eb Rajonale t\u00eb Sherbimit Veterinar.<\/p>\n<p>&nbsp;<\/p>","protected":false},"excerpt":{"rendered":"<p>Bashkia e Shkodr\u00ebs ka marr\u00eb vendimin drastik p\u00ebrsa i takon tregtimit t\u00eb shpend\u00ebve. Do t\u00eb ndalohet aktiviteti i tregtis\u00eb s\u00eb gj\u00ebs\u00eb s\u00eb gjall\u00eb n\u00eb t\u00eb gjith\u00eb territorin q\u00eb administrohet nga Bashkia e Shkodr\u00ebs. Vendimi vjen pas urdhrit t\u00eb Ministris\u00eb s\u00eb Sh\u00ebndet\u00ebsis\u00eb, \u201cP\u00ebr marrjen e masave kufizuese p\u00ebr parandalimin dhe kontrollin e s\u00ebmundjes s\u00eb influenc\u00ebs aviare [&hellip;]<\/p>\n","protected":false},"author":2031,"featured_media":187249,"comment_status":"closed","ping_status":"closed","sticky":false,"template":"","format":"standard","meta":{"footnotes":""},"categories":[231],"tags":[],"class_list":{"0":"post-188604","1":"post","2":"type-post","3":"status-publish","4":"format-standard","5":"has-post-thumbnail","7":"category-lajme"},"_links":{"self":[{"href":"https:\/\/zjarr.tv\/en\/wp-json\/wp\/v2\/posts\/188604","targetHints":{"allow":["GET"]}}],"collection":[{"href":"https:\/\/zjarr.tv\/en\/wp-json\/wp\/v2\/posts"}],"about":[{"href":"https:\/\/zjarr.tv\/en\/wp-json\/wp\/v2\/types\/post"}],"author":[{"embeddable":true,"href":"https:\/\/zjarr.tv\/en\/wp-json\/wp\/v2\/users\/2031"}],"replies":[{"embeddable":true,"href":"https:\/\/zjarr.tv\/en\/wp-json\/wp\/v2\/comments?post=188604"}],"version-history":[{"count":0,"href":"https:\/\/zjarr.tv\/en\/wp-json\/wp\/v2\/posts\/188604\/revisions"}],"wp:featuredmedia":[{"embeddable":true,"href":"https:\/\/zjarr.tv\/en\/wp-json\/wp\/v2\/media\/187249"}],"wp:attachment":[{"href":"https:\/\/zjarr.tv\/en\/wp-json\/wp\/v2\/media?parent=188604"}],"wp:term":[{"taxonomy":"category","embeddable":true,"href":"https:\/\/zjarr.tv\/en\/wp-json\/wp\/v2\/categories?post=188604"},{"taxonomy":"post_tag","embeddable":true,"href":"https:\/\/zjarr.tv\/en\/wp-json\/wp\/v2\/tags?post=188604"}],"curies":[{"name":"wp","href":"https:\/\/api.w.org\/{rel}","templated":true}]}}