{"id":188607,"date":"2021-06-15T07:12:04","date_gmt":"2021-06-15T05:12:04","guid":{"rendered":"https:\/\/zjarr.tv\/?p=188607"},"modified":"2021-06-15T07:12:04","modified_gmt":"2021-06-15T05:12:04","slug":"flet-grida-duma-fjala-e-bashes-pas-fitores-eshte-perbashkuese-nuk-ka-asnje-fakt-pabarazie-ne-gare","status":"publish","type":"post","link":"https:\/\/zjarr.tv\/en\/flet-grida-duma-fjala-e-bashes-pas-fitores-eshte-perbashkuese-nuk-ka-asnje-fakt-pabarazie-ne-gare\/","title":{"rendered":"Flet Grida Duma: Fjala e Bash\u00ebs pas fitores \u00ebsht\u00eb p\u00ebrbashkuese, nuk ka asnj\u00eb fakt pabarazie n\u00eb gar\u00eb\u2026"},"content":{"rendered":"<p>Mbr\u00ebmjen e djeshme, deputetja e sapozgjedhur Grida Duma, ishte e ftuar n\u00eb \u201c\u00c7im Peka Live\u201d, ku u pyet lidhur mbi deklarat\u00ebn e fundit t\u00eb Bash\u00ebs, menj\u00ebher\u00eb pas rizgjedhjes n\u00eb krye t\u00eb PD-s\u00eb dhe kund\u00ebrshtar\u00ebve n\u00eb gar\u00eb. N\u00eb fjal\u00ebn e saj, Duma u shpreh se nuk ka pasur nj\u00eb gar\u00eb t\u00eb pabarabart\u00eb dhe se deklrarata e Bash\u00ebs, \u00ebsht\u00eb p\u00ebrbashkuese sipas vlerave q\u00eb p\u00ebrcaktojn\u00eb vet\u00eb Partin\u00eb Demokratike, q\u00eb nga lindja e saj.<\/p>\n<p>\u201c<em>Nuk e shikoj si dom\u00ebth\u00ebn\u00ebse mosp\u00ebrmendjen e emrave. Por shikoj si dometh\u00ebn\u00ebse q\u00eb Basha i falenderon kandidat\u00ebt e tjer\u00eb dhe tregon qartazi vullnetin e vet, p\u00ebr t\u00eb mbajtur frym\u00ebn e PD-s\u00eb t\u00eb madhe dhe gjith\u00ebp\u00ebrfshir\u00ebse dhe si njoh\u00ebse e \u00a0kontributeve dhe vlerave, q\u00eb do t\u00eb thot\u00eb q\u00eb gara \u00ebsht\u00eb vler\u00eb dhe duhet respektuar si e till\u00eb.<\/em><\/p>\n<p><em>Ky \u00ebsht\u00eb momenti real q\u00eb un\u00eb e degjoj fjal\u00ebn e z. Kadilli. Un\u00eb shpresoj qe edhe me dijen q\u00eb ka n\u00eb PD, t\u00eb vijojm\u00eb dhe t\u00eb d\u00ebgjojm\u00eb gj\u00ebrat q\u00eb vlejn\u00eb nga Z. Kadilli.<\/em><\/p>\n<p><em>N\u00ebse mendon se gara \u00ebsht\u00eb e pabarabart\u00eb, nga fillesa deri n\u00eb fund nuk kandidon, n\u00ebse kandidon do t\u00eb thot\u00eb q\u00eb njeh k\u00ebto rregulla loje<\/em><\/p>\n<p><em>Besoj q\u00eb bie posht\u00eb kjo tez\u00eb, sa koh\u00eb nuk ka asnj\u00eb fakt konkret pabarazie t\u00eb pakt\u00ebn statutore<\/em>\u201d.<\/p>\n<p>&nbsp;<\/p>","protected":false},"excerpt":{"rendered":"<p>Mbr\u00ebmjen e djeshme, deputetja e sapozgjedhur Grida Duma, ishte e ftuar n\u00eb \u201c\u00c7im Peka Live\u201d, ku u pyet lidhur mbi deklarat\u00ebn e fundit t\u00eb Bash\u00ebs, menj\u00ebher\u00eb pas rizgjedhjes n\u00eb krye t\u00eb PD-s\u00eb dhe kund\u00ebrshtar\u00ebve n\u00eb gar\u00eb. N\u00eb fjal\u00ebn e saj, Duma u shpreh se nuk ka pasur nj\u00eb gar\u00eb t\u00eb pabarabart\u00eb dhe se deklrarata e [&hellip;]<\/p>\n","protected":false},"author":2016,"featured_media":188609,"comment_status":"closed","ping_status":"closed","sticky":false,"template":"","format":"standard","meta":{"footnotes":""},"categories":[241,1454],"tags":[3806],"class_list":{"0":"post-188607","1":"post","2":"type-post","3":"status-publish","4":"format-standard","5":"has-post-thumbnail","7":"category-aktualitet","8":"category-politike","9":"tag-lajme-zjarr-duma-fjala-e-bashes-eshte-perbashkuese-zjarr-tv"},"_links":{"self":[{"href":"https:\/\/zjarr.tv\/en\/wp-json\/wp\/v2\/posts\/188607","targetHints":{"allow":["GET"]}}],"collection":[{"href":"https:\/\/zjarr.tv\/en\/wp-json\/wp\/v2\/posts"}],"about":[{"href":"https:\/\/zjarr.tv\/en\/wp-json\/wp\/v2\/types\/post"}],"author":[{"embeddable":true,"href":"https:\/\/zjarr.tv\/en\/wp-json\/wp\/v2\/users\/2016"}],"replies":[{"embeddable":true,"href":"https:\/\/zjarr.tv\/en\/wp-json\/wp\/v2\/comments?post=188607"}],"version-history":[{"count":0,"href":"https:\/\/zjarr.tv\/en\/wp-json\/wp\/v2\/posts\/188607\/revisions"}],"wp:featuredmedia":[{"embeddable":true,"href":"https:\/\/zjarr.tv\/en\/wp-json\/wp\/v2\/media\/188609"}],"wp:attachment":[{"href":"https:\/\/zjarr.tv\/en\/wp-json\/wp\/v2\/media?parent=188607"}],"wp:term":[{"taxonomy":"category","embeddable":true,"href":"https:\/\/zjarr.tv\/en\/wp-json\/wp\/v2\/categories?post=188607"},{"taxonomy":"post_tag","embeddable":true,"href":"https:\/\/zjarr.tv\/en\/wp-json\/wp\/v2\/tags?post=188607"}],"curies":[{"name":"wp","href":"https:\/\/api.w.org\/{rel}","templated":true}]}}