{"id":188996,"date":"2021-06-16T20:17:34","date_gmt":"2021-06-16T18:17:34","guid":{"rendered":"https:\/\/zjarr.tv\/?p=188996"},"modified":"2021-06-16T20:17:34","modified_gmt":"2021-06-16T18:17:34","slug":"edi-rama-takon-ish-presidentin-francez-qe-akuzohet-per-korrupsion-i-shkon-ne-shtepi-ti-marre-keshilla-per-integrimin-europian","status":"publish","type":"post","link":"https:\/\/zjarr.tv\/en\/edi-rama-takon-ish-presidentin-francez-qe-akuzohet-per-korrupsion-i-shkon-ne-shtepi-ti-marre-keshilla-per-integrimin-europian\/","title":{"rendered":"Edi Rama takon ish-presidentin francez q\u00eb akuzohet p\u00ebr korrupsion, i shkon n\u00eb sht\u00ebpi t\u2019i marr\u00eb k\u00ebshilla p\u00ebr integrimin europian"},"content":{"rendered":"<p style=\"background: white; margin: 0in 0in 19.5pt 0in;\">Kryeministri i Shqip\u00ebris\u00eb, Edi Rama i ka shkuar n\u00eb sht\u00ebpi ish-presidentin francez Nikolas Sarkozi.<\/p>\n<p style=\"background: white; -webkit-tap-highlight-color: transparent !important; box-sizing: border-box; overflow-wrap: break-word; font-variant-ligatures: normal; font-variant-caps: normal; orphans: 2; widows: 2; -webkit-text-stroke-width: 0px; text-decoration-thickness: initial; text-decoration-style: initial; text-decoration-color: initial; word-spacing: 0px; margin: 0in 0in 19.5pt 0in;\">Lajmin e b\u00ebn vet\u00eb me dije Kreu i Qeveris\u00eb son\u00eb, i cili njofton se ka shkuar p\u00ebr t\u2019i marr\u00eb disa k\u00ebshilla t\u00eb vyera lidhur me sfidat e Shqip\u00ebris\u00eb dhe rajonit ton\u00eb.<\/p>\n<p style=\"background: white; -webkit-tap-highlight-color: transparent !important; box-sizing: border-box; overflow-wrap: break-word; font-variant-ligatures: normal; font-variant-caps: normal; orphans: 2; widows: 2; -webkit-text-stroke-width: 0px; text-decoration-thickness: initial; text-decoration-style: initial; text-decoration-color: initial; word-spacing: 0px; margin: 0in 0in 19.5pt 0in;\">Par\u00ebsor n\u00eb k\u00ebt\u00eb takim ka qen\u00eb dhe diskutimi p\u00ebr rrug\u00ebn e zhvillimit ekonomik e social, e t\u00eb integrimit europian t\u00eb Shqip\u00ebris\u00eb.<\/p>\n<p style=\"background: white; -webkit-tap-highlight-color: transparent !important; box-sizing: border-box; overflow-wrap: break-word; font-variant-ligatures: normal; font-variant-caps: normal; orphans: 2; widows: 2; -webkit-text-stroke-width: 0px; text-decoration-thickness: initial; text-decoration-style: initial; text-decoration-color: initial; word-spacing: 0px; margin: 0in 0in 19.5pt 0in;\"><em style=\"-webkit-tap-highlight-color: transparent !important; box-sizing: border-box;\">\u201cMe nj\u00eb mik special n\u00eb sht\u00ebpin\u00eb e tij n\u00eb Paris, presidentin Nicolas Sarkozy, me t\u00eb cilin kam privilegjin t\u00eb k\u00ebshillohem p\u00ebr sfidat e Shqip\u00ebris\u00eb dhe rajonit ton\u00eb, n\u00eb rrug\u00ebn e zhvillimit ekonomik e social, e t\u00eb integrimit europian\u201d<\/em>, shkruan Rama n\u00eb Facebook.<\/p>\n<p><img loading=\"lazy\" decoding=\"async\" class=\"alignnone size-medium wp-image-188998\" src=\"https:\/\/zjarr.tv\/wp-content\/uploads\/2021\/06\/Untitled-design-72-300x251.jpg\" alt=\"\" width=\"300\" height=\"251\" srcset=\"https:\/\/zjarr.tv\/wp-content\/uploads\/2021\/06\/Untitled-design-72-300x251.jpg 300w, https:\/\/zjarr.tv\/wp-content\/uploads\/2021\/06\/Untitled-design-72-768x644.jpg 768w, https:\/\/zjarr.tv\/wp-content\/uploads\/2021\/06\/Untitled-design-72-696x583.jpg 696w, https:\/\/zjarr.tv\/wp-content\/uploads\/2021\/06\/Untitled-design-72-501x420.jpg 501w, https:\/\/zjarr.tv\/wp-content\/uploads\/2021\/06\/Untitled-design-72.jpg 940w\" sizes=\"auto, (max-width: 300px) 100vw, 300px\" \/><\/p>","protected":false},"excerpt":{"rendered":"<p>Kryeministri i Shqip\u00ebris\u00eb, Edi Rama i ka shkuar n\u00eb sht\u00ebpi ish-presidentin francez Nikolas Sarkozi. Lajmin e b\u00ebn vet\u00eb me dije Kreu i Qeveris\u00eb son\u00eb, i cili njofton se ka shkuar p\u00ebr t\u2019i marr\u00eb disa k\u00ebshilla t\u00eb vyera lidhur me sfidat e Shqip\u00ebris\u00eb dhe rajonit ton\u00eb. Par\u00ebsor n\u00eb k\u00ebt\u00eb takim ka qen\u00eb dhe diskutimi p\u00ebr rrug\u00ebn [&hellip;]<\/p>\n","protected":false},"author":2030,"featured_media":188997,"comment_status":"closed","ping_status":"closed","sticky":false,"template":"","format":"standard","meta":{"footnotes":""},"categories":[241,1454],"tags":[],"class_list":{"0":"post-188996","1":"post","2":"type-post","3":"status-publish","4":"format-standard","5":"has-post-thumbnail","7":"category-aktualitet","8":"category-politike"},"_links":{"self":[{"href":"https:\/\/zjarr.tv\/en\/wp-json\/wp\/v2\/posts\/188996","targetHints":{"allow":["GET"]}}],"collection":[{"href":"https:\/\/zjarr.tv\/en\/wp-json\/wp\/v2\/posts"}],"about":[{"href":"https:\/\/zjarr.tv\/en\/wp-json\/wp\/v2\/types\/post"}],"author":[{"embeddable":true,"href":"https:\/\/zjarr.tv\/en\/wp-json\/wp\/v2\/users\/2030"}],"replies":[{"embeddable":true,"href":"https:\/\/zjarr.tv\/en\/wp-json\/wp\/v2\/comments?post=188996"}],"version-history":[{"count":0,"href":"https:\/\/zjarr.tv\/en\/wp-json\/wp\/v2\/posts\/188996\/revisions"}],"wp:featuredmedia":[{"embeddable":true,"href":"https:\/\/zjarr.tv\/en\/wp-json\/wp\/v2\/media\/188997"}],"wp:attachment":[{"href":"https:\/\/zjarr.tv\/en\/wp-json\/wp\/v2\/media?parent=188996"}],"wp:term":[{"taxonomy":"category","embeddable":true,"href":"https:\/\/zjarr.tv\/en\/wp-json\/wp\/v2\/categories?post=188996"},{"taxonomy":"post_tag","embeddable":true,"href":"https:\/\/zjarr.tv\/en\/wp-json\/wp\/v2\/tags?post=188996"}],"curies":[{"name":"wp","href":"https:\/\/api.w.org\/{rel}","templated":true}]}}