{"id":189032,"date":"2021-06-17T09:19:48","date_gmt":"2021-06-17T07:19:48","guid":{"rendered":"https:\/\/zjarr.tv\/?p=189032"},"modified":"2021-06-17T09:19:48","modified_gmt":"2021-06-17T07:19:48","slug":"plas-debati-ne-studio-elisa-spiropali-perplaset-me-gazetarin-e-njohur-mos-perdor-gjuhen-e-bashes-se-do-merziten-shikuesit-dhe-do-nderrojne-kanalin","status":"publish","type":"post","link":"https:\/\/zjarr.tv\/en\/plas-debati-ne-studio-elisa-spiropali-perplaset-me-gazetarin-e-njohur-mos-perdor-gjuhen-e-bashes-se-do-merziten-shikuesit-dhe-do-nderrojne-kanalin\/","title":{"rendered":"Plas debati n\u00eb studio\/ Elisa Spiropali p\u00ebrplaset me gazetarin e njohur: Mos p\u00ebrdor gjuh\u00ebn e Bash\u00ebs, se do m\u00ebrziten shikuesit dhe do nd\u00ebrrojn\u00eb kanalin\u2026"},"content":{"rendered":"<p>Ministrja p\u00ebr Marr\u00ebdh\u00ebniet me Parlamentin, Elisa Spiropali, ka debatuar me gazetarin Enton Abilekaj, ku ky i fundit tha se Rama rrezikon t\u00eb instaloj\u00eb nj\u00eb regjim, e kjo do t\u00eb kishte pasoja fatale p\u00ebr vendin m\u00eb pas.<\/p>\n<p>Spiropali: S\u2019ka lidhje me pushtetin, po vet\u00ebm me qeverisjen , drejt\u00ebsin\u00eb, shtet nd\u00ebrtimin integrimin, k\u00ebto jan\u00eb q\u00ebllimet tona, misioni dhe vizioni yn\u00eb dhe do e b\u00ebjm\u00eb realitet. Prandaj po vijojm\u00eb me thellimin e reform\u00ebs n\u00eb administrat\u00eb.<\/p>\n<p><strong style=\"font-style: inherit;\">Pjes\u00eb nga debati n\u00eb Open<\/strong><\/p>\n<p><strong style=\"font-style: inherit;\">Abilekaj:<\/strong>\u00a0<em style=\"font-weight: inherit;\">Deri n\u00eb 2025 e ka PS, po \u00e7far\u00eb \u00ebsht\u00eb projekti, aty u fol p\u00ebr reform\u00eb administrat\u00eb dhe do e largoj\u00eb t\u00eb vjetr\u00ebn se ishte vot\u00eb kund\u00ebr qeveris\u00eb, kjo \u00ebsht\u00eb e qart\u00eb.<\/em><\/p>\n<p><em style=\"font-weight: inherit;\">Po portat q\u00eb thon\u00eb, k\u00ebta jan\u00eb t\u00eb ndar\u00eb n\u00eb biznesmen\u00ebt q\u00eb ka af\u00ebr Rama pra ndarja e aseteve te njer\u00ebzit vete. Reform\u00ebn n\u00eb arsim e kemi par\u00eb \u00e7far\u00eb na ka sjell\u00eb, at\u00eb n\u00eb drejt\u00ebsi duhet ta shohim akoma. 4 vitet e ardhshme do jen\u00eb nj\u00ebsoj apo pak m\u00eb shum\u00eb t\u00eb k\u00ebqija. Me nj\u00eb opozit\u00eb q\u00eb nuk di ku \u00ebsht\u00eb, me nj\u00eb president q\u00eb do e marrin k\u00ebta dhe do instalohet nj\u00eb regjim. Dhe tani do i durojm\u00eb k\u00ebta.<\/em><\/p>\n<p><strong style=\"font-style: inherit;\">Spiropali:<\/strong>\u00a0<em style=\"font-weight: inherit;\">N\u00eb 25 prill qytetar\u00ebt fol\u00ebn qart\u00eb se \u00e7far\u00eb duan.<\/em><\/p>\n<p><strong style=\"font-style: inherit;\">Abilekaj:<\/strong>\u00a0<em style=\"font-weight: inherit;\"> Ju po instaloni sistemin totalitar, po kontrolloni gjith\u00e7ka.<\/em><\/p>\n<p><strong style=\"font-style: inherit;\"> Spiropali:<\/strong>\u00a0<em style=\"font-weight: inherit;\">Si mund t\u00eb thoni sistem totalitar, t\u00eb pakt\u00ebn thoni sistem autoritar. Ne me regjimin ton\u00eb t\u00eb eg\u00ebr ju lem\u00eb juve t\u00eb flisni kudo?<\/em><\/p>\n<p><strong style=\"font-style: inherit;\">Abilekaj:<\/strong>\u00a0<em style=\"font-weight: inherit;\">Ju e keni kthyer median fasad\u00eb, ju keni bler\u00eb votat, ju keni afruar sh\u00ebrbimet shtet\u00ebrore n\u00eb blerjen e vot\u00ebs, keni p\u00ebrdorur bandat n\u00eb blerjen e votave. E kam par\u00eb me syt\u00eb e mi blerjen e votave.<\/em><\/p>\n<p><strong style=\"font-style: inherit;\">Spiropali:<\/strong>\u00a0<em style=\"font-weight: inherit;\">Mos p\u00ebrdor gjuh\u00ebn e Lulzim Bash\u00ebs q\u00eb kishte hall 25 prillin, ti s\u2019ke asnj\u00eb hall<\/em><\/p>\n<p><strong style=\"font-style: inherit;\">Abilekaj:<\/strong>\u00a0<em style=\"font-weight: inherit;\">Halli im \u00ebsht\u00eb\u2026<\/em><\/p>\n<p><strong style=\"font-style: inherit;\">Spiropali:<\/strong>\u00a0<em style=\"font-weight: inherit;\">Ju nuk mund t\u00eb quani vjedhje asgj\u00eb, edhe opozita e ka pranuar rezultatin ata e kan\u00eb pranuar q\u00eb do t\u00eb jen\u00eb n\u00eb parlament. Sot edhe Holanda q\u00eb \u00ebsht\u00eb nj\u00eb nga vendet m\u00eb skeptike na mb\u00ebshteti dhe na dha drit\u00ebn jeshile.<\/em><\/p>\n<p><strong style=\"font-style: inherit;\">Abilekaj:<\/strong>\u00a0<em style=\"font-weight: inherit;\">K\u00ebta s\u2019jan\u00eb t\u00eb qet\u00eb sepse e din\u00eb \u00e7far\u00eb kan\u00eb b\u00ebr\u00eb, nuk e kan\u00eb besimin e njer\u00ebzve.<\/em><\/p>\n<p><strong style=\"font-style: inherit;\">Spiropali:<\/strong>\u00a0<em style=\"font-weight: inherit;\">Ne jemi m\u00ebse t\u00eb qet\u00eb nuk kemi asgj\u00eb q\u00eb na shqet\u00ebson.<\/em><\/p>\n<p><strong style=\"font-style: inherit;\">Abilekaj:<\/strong>\u00a0<em style=\"font-weight: inherit;\">Keni dh\u00ebn\u00eb para t\u00ebrmeti kot, u keni dh\u00ebn\u00eb atyre q\u00eb kan\u00eb pasur g\u00ebrvishtje lek\u00eb sikur u \u00ebsht\u00eb prishur sht\u00ebpia.<\/em><\/p>\n<p><strong style=\"font-style: inherit;\">Spiropali:<\/strong>\u00a0<em style=\"font-weight: inherit;\">Un\u00eb nuk e kuptoj si flet k\u00ebshtu, duhet t\u00eb ndryshojm\u00eb linj\u00eb sepse do m\u00ebrziten shikuesit do nd\u00ebrrojn\u00eb kanalin.<\/em><\/p>\n<p>&nbsp;<\/p>","protected":false},"excerpt":{"rendered":"<p>Ministrja p\u00ebr Marr\u00ebdh\u00ebniet me Parlamentin, Elisa Spiropali, ka debatuar me gazetarin Enton Abilekaj, ku ky i fundit tha se Rama rrezikon t\u00eb instaloj\u00eb nj\u00eb regjim, e kjo do t\u00eb kishte pasoja fatale p\u00ebr vendin m\u00eb pas. Spiropali: S\u2019ka lidhje me pushtetin, po vet\u00ebm me qeverisjen , drejt\u00ebsin\u00eb, shtet nd\u00ebrtimin integrimin, k\u00ebto jan\u00eb q\u00ebllimet tona, misioni [&hellip;]<\/p>\n","protected":false},"author":2016,"featured_media":189034,"comment_status":"closed","ping_status":"closed","sticky":false,"template":"","format":"standard","meta":{"footnotes":""},"categories":[241,1454],"tags":[1296],"class_list":{"0":"post-189032","1":"post","2":"type-post","3":"status-publish","4":"format-standard","5":"has-post-thumbnail","7":"category-aktualitet","8":"category-politike","9":"tag-lajme-zjarr-spiropali-perplaset-me-gazetarin-zjarr-tv"},"_links":{"self":[{"href":"https:\/\/zjarr.tv\/en\/wp-json\/wp\/v2\/posts\/189032","targetHints":{"allow":["GET"]}}],"collection":[{"href":"https:\/\/zjarr.tv\/en\/wp-json\/wp\/v2\/posts"}],"about":[{"href":"https:\/\/zjarr.tv\/en\/wp-json\/wp\/v2\/types\/post"}],"author":[{"embeddable":true,"href":"https:\/\/zjarr.tv\/en\/wp-json\/wp\/v2\/users\/2016"}],"replies":[{"embeddable":true,"href":"https:\/\/zjarr.tv\/en\/wp-json\/wp\/v2\/comments?post=189032"}],"version-history":[{"count":0,"href":"https:\/\/zjarr.tv\/en\/wp-json\/wp\/v2\/posts\/189032\/revisions"}],"wp:featuredmedia":[{"embeddable":true,"href":"https:\/\/zjarr.tv\/en\/wp-json\/wp\/v2\/media\/189034"}],"wp:attachment":[{"href":"https:\/\/zjarr.tv\/en\/wp-json\/wp\/v2\/media?parent=189032"}],"wp:term":[{"taxonomy":"category","embeddable":true,"href":"https:\/\/zjarr.tv\/en\/wp-json\/wp\/v2\/categories?post=189032"},{"taxonomy":"post_tag","embeddable":true,"href":"https:\/\/zjarr.tv\/en\/wp-json\/wp\/v2\/tags?post=189032"}],"curies":[{"name":"wp","href":"https:\/\/api.w.org\/{rel}","templated":true}]}}