{"id":189036,"date":"2021-06-17T09:39:43","date_gmt":"2021-06-17T07:39:43","guid":{"rendered":"https:\/\/zjarr.tv\/?p=189036"},"modified":"2021-06-17T09:39:43","modified_gmt":"2021-06-17T07:39:43","slug":"gjykata-kushtetuese-terhiqet-per-te-marre-vendimin-per-teatrin-kombetar","status":"publish","type":"post","link":"https:\/\/zjarr.tv\/en\/gjykata-kushtetuese-terhiqet-per-te-marre-vendimin-per-teatrin-kombetar\/","title":{"rendered":"Gjykata Kushtetuese t\u00ebrhiqet p\u00ebr t\u00eb marr\u00eb vendimin p\u00ebr Teatrin Komb\u00ebtar\u2026"},"content":{"rendered":"<p style=\"line-height: 19.5pt; background: white; vertical-align: baseline; margin: 0in 0in 12.0pt 0in;\"><span style=\"color: black;\">Mbr\u00ebmjen e djeshme, Gjykata Kushtetuese, ka mbyllur hetimet dhe \u00ebsht\u00eb t\u00ebrhequr, p\u00ebr t\u00eb marr\u00eb nj\u00eb vendim p\u00ebrfundimtar p\u00ebr \u00e7\u00ebshtjen e Teatrit Komb\u00ebtar.<\/span><\/p>\n<p style=\"line-height: 19.5pt; background: white; vertical-align: baseline; box-sizing: border-box; font-variant-ligatures: normal; font-variant-caps: normal; orphans: 2; text-align: start; widows: 2; -webkit-text-stroke-width: 0px; list-style-position: outside; word-spacing: 0px; margin: 0in 0in 12.0pt 0in;\"><span style=\"color: black;\">Aktivistja p\u00ebr Mbrojtjen e Teatrit, Adriana Kalaja u shpreh se: U gjykua me themel, \u00e7\u00ebshtja e shembjes s\u00eb Teatrit Komb\u00ebtar.<\/span><\/p>\n<p style=\"line-height: 19.5pt; background: white; vertical-align: baseline; margin: 0in 0in 12.0pt 0in;\"><span style=\"color: black;\">Trupi gjykues kishte informacion t\u00eb sakt\u00eb dhe t\u00eb detajuar me dosjen e Teatrit Komb\u00ebtar.<\/span><\/p>\n<p style=\"line-height: 19.5pt; background: white; vertical-align: baseline; box-sizing: border-box; font-variant-ligatures: normal; font-variant-caps: normal; orphans: 2; text-align: start; widows: 2; -webkit-text-stroke-width: 0px; list-style-position: outside; word-spacing: 0px; margin: 0in 0in 12.0pt 0in;\"><span style=\"color: black;\">Ne besojm\u00eb se ajo q\u00eb paraqit\u00ebm, e ka bindur Gjykat\u00ebn p\u00ebr t\u00eb dh\u00ebn\u00eb vendim t\u00eb drejt\u00eb p\u00ebr dh\u00ebnien e drejt\u00ebsis\u00eb p\u00ebr Teatrin<\/span><\/p>\n<p style=\"line-height: 19.5pt; background: white; vertical-align: baseline; box-sizing: border-box; font-variant-ligatures: normal; font-variant-caps: normal; orphans: 2; text-align: start; widows: 2; -webkit-text-stroke-width: 0px; list-style-position: outside; word-spacing: 0px; margin: 0in 0in 12.0pt 0in;\"><span style=\"color: black;\">Jam besimplot\u00eb q\u00eb Gjykata Kushtetuese, do jap\u00eb vendimin pro Teatrit Komb\u00ebtar.<\/span><\/p>","protected":false},"excerpt":{"rendered":"<p>Mbr\u00ebmjen e djeshme, Gjykata Kushtetuese, ka mbyllur hetimet dhe \u00ebsht\u00eb t\u00ebrhequr, p\u00ebr t\u00eb marr\u00eb nj\u00eb vendim p\u00ebrfundimtar p\u00ebr \u00e7\u00ebshtjen e Teatrit Komb\u00ebtar. Aktivistja p\u00ebr Mbrojtjen e Teatrit, Adriana Kalaja u shpreh se: U gjykua me themel, \u00e7\u00ebshtja e shembjes s\u00eb Teatrit Komb\u00ebtar. Trupi gjykues kishte informacion t\u00eb sakt\u00eb dhe t\u00eb detajuar me dosjen e Teatrit [&hellip;]<\/p>\n","protected":false},"author":2016,"featured_media":189038,"comment_status":"closed","ping_status":"closed","sticky":false,"template":"","format":"standard","meta":{"footnotes":""},"categories":[241],"tags":[3856],"class_list":{"0":"post-189036","1":"post","2":"type-post","3":"status-publish","4":"format-standard","5":"has-post-thumbnail","7":"category-aktualitet","8":"tag-lajme-zjarr-gjykata-kushtetuese-zjarr-tv"},"_links":{"self":[{"href":"https:\/\/zjarr.tv\/en\/wp-json\/wp\/v2\/posts\/189036","targetHints":{"allow":["GET"]}}],"collection":[{"href":"https:\/\/zjarr.tv\/en\/wp-json\/wp\/v2\/posts"}],"about":[{"href":"https:\/\/zjarr.tv\/en\/wp-json\/wp\/v2\/types\/post"}],"author":[{"embeddable":true,"href":"https:\/\/zjarr.tv\/en\/wp-json\/wp\/v2\/users\/2016"}],"replies":[{"embeddable":true,"href":"https:\/\/zjarr.tv\/en\/wp-json\/wp\/v2\/comments?post=189036"}],"version-history":[{"count":0,"href":"https:\/\/zjarr.tv\/en\/wp-json\/wp\/v2\/posts\/189036\/revisions"}],"wp:featuredmedia":[{"embeddable":true,"href":"https:\/\/zjarr.tv\/en\/wp-json\/wp\/v2\/media\/189038"}],"wp:attachment":[{"href":"https:\/\/zjarr.tv\/en\/wp-json\/wp\/v2\/media?parent=189036"}],"wp:term":[{"taxonomy":"category","embeddable":true,"href":"https:\/\/zjarr.tv\/en\/wp-json\/wp\/v2\/categories?post=189036"},{"taxonomy":"post_tag","embeddable":true,"href":"https:\/\/zjarr.tv\/en\/wp-json\/wp\/v2\/tags?post=189036"}],"curies":[{"name":"wp","href":"https:\/\/api.w.org\/{rel}","templated":true}]}}