{"id":189039,"date":"2021-06-17T09:51:14","date_gmt":"2021-06-17T07:51:14","guid":{"rendered":"https:\/\/zjarr.tv\/?p=189039"},"modified":"2021-06-17T09:51:14","modified_gmt":"2021-06-17T07:51:14","slug":"kritiket-e-bashes-nuk-njohim-zgjedhjet-ne-partine-demokratike","status":"publish","type":"post","link":"https:\/\/zjarr.tv\/en\/kritiket-e-bashes-nuk-njohim-zgjedhjet-ne-partine-demokratike\/","title":{"rendered":"Kritik\u00ebt e Bash\u00ebs: Nuk njohim Zgjedhjet n\u00eb Partin\u00eb Demokratike\u2026"},"content":{"rendered":"<p>Edith Harxhi dhe disa prej figurave kryesore t\u00eb s\u00eb djatht\u00ebs si; ish-presidenti Bujar Nishani, ish-ministri Arben Imami dhe ish-sekretari i P\u00ebrgjithsh\u00ebm i PD-s\u00eb Arben Ristani, deklarojn\u00eb se Zgjedhjet n\u00eb PD u manipuluan.<\/p>\n<p>Ata kan\u00eb renditur edhe shkeljet e kryera p\u00ebr t\u00eb nxjerr\u00eb fitues Lulzim Bash\u00ebn. Nishani ngriti shqet\u00ebsimin e p\u00ebrjashtimit nga e drejta e votimit t\u00eb an\u00ebtar\u00ebve t\u00eb PD-s\u00eb, nd\u00ebrsa Arben Ristani, u shpreh se nuk \u00ebsht\u00eb respektuar as statuta dhe as ligji p\u00ebr Partit\u00eb politike.<\/p>\n<p><strong>Nga SYRI TV<\/strong><\/p>\n<p>Kandidatja p\u00ebr kryetare n\u00eb Partin\u00eb Demokratike, Edith Harxhi, e ka cil\u00ebsuar t\u00eb pabarabart\u00eb procesin e 13 Qershorit. Tre dit\u00eb pas Zgjedhjeve t\u00eb brendshme n\u00eb selin\u00eb blu, s\u00ebbashku me an\u00ebtar\u00ebt e grupimit p\u00ebr PD-n\u00eb, Edith Harxhi renditi t\u00eb gjitha shkeljet e konstatuara n\u00eb Zgjedhjet e s\u00eb diel\u00ebs.<\/p>\n<p>Ish-presidenti Bujar Nishani, denoncoi p\u00ebrjashtimin e an\u00ebtar\u00ebve t\u00eb PD-s\u00eb nga e drejta p\u00ebr t\u00eb votuar, si dhe votimin disa her\u00eb nga nj\u00eb person.<\/p>\n<p>P\u00ebr ish-ministrin Arben Imami, nuk ka asnj\u00eb arsye q\u00eb listat e an\u00ebtar\u00ebve demokrat t\u00eb mbahen t\u00eb fshehta. Ish sekretari i p\u00ebrgjithsh\u00ebm i selis\u00eb blu, Arben Ristani akuzoi kreun demokrat se nuk ka zbatuar ligjin \u201cP\u00ebr partit\u00eb Politike\u201d. Grupimi p\u00ebr PD, theksoi edhe nj\u00ebher\u00eb se Partia Demokratike ka nevoj\u00eb p\u00ebr reformim.<\/p>\n<p>&nbsp;<\/p>","protected":false},"excerpt":{"rendered":"<p>Edith Harxhi dhe disa prej figurave kryesore t\u00eb s\u00eb djatht\u00ebs si; ish-presidenti Bujar Nishani, ish-ministri Arben Imami dhe ish-sekretari i P\u00ebrgjithsh\u00ebm i PD-s\u00eb Arben Ristani, deklarojn\u00eb se Zgjedhjet n\u00eb PD u manipuluan. Ata kan\u00eb renditur edhe shkeljet e kryera p\u00ebr t\u00eb nxjerr\u00eb fitues Lulzim Bash\u00ebn. Nishani ngriti shqet\u00ebsimin e p\u00ebrjashtimit nga e drejta e votimit [&hellip;]<\/p>\n","protected":false},"author":2016,"featured_media":189041,"comment_status":"closed","ping_status":"closed","sticky":false,"template":"","format":"standard","meta":{"footnotes":""},"categories":[241,1454],"tags":[3857],"class_list":{"0":"post-189039","1":"post","2":"type-post","3":"status-publish","4":"format-standard","5":"has-post-thumbnail","7":"category-aktualitet","8":"category-politike","9":"tag-lajme-zjarr-kritiket-e-bashes-zjarr-tv"},"_links":{"self":[{"href":"https:\/\/zjarr.tv\/en\/wp-json\/wp\/v2\/posts\/189039","targetHints":{"allow":["GET"]}}],"collection":[{"href":"https:\/\/zjarr.tv\/en\/wp-json\/wp\/v2\/posts"}],"about":[{"href":"https:\/\/zjarr.tv\/en\/wp-json\/wp\/v2\/types\/post"}],"author":[{"embeddable":true,"href":"https:\/\/zjarr.tv\/en\/wp-json\/wp\/v2\/users\/2016"}],"replies":[{"embeddable":true,"href":"https:\/\/zjarr.tv\/en\/wp-json\/wp\/v2\/comments?post=189039"}],"version-history":[{"count":0,"href":"https:\/\/zjarr.tv\/en\/wp-json\/wp\/v2\/posts\/189039\/revisions"}],"wp:featuredmedia":[{"embeddable":true,"href":"https:\/\/zjarr.tv\/en\/wp-json\/wp\/v2\/media\/189041"}],"wp:attachment":[{"href":"https:\/\/zjarr.tv\/en\/wp-json\/wp\/v2\/media?parent=189039"}],"wp:term":[{"taxonomy":"category","embeddable":true,"href":"https:\/\/zjarr.tv\/en\/wp-json\/wp\/v2\/categories?post=189039"},{"taxonomy":"post_tag","embeddable":true,"href":"https:\/\/zjarr.tv\/en\/wp-json\/wp\/v2\/tags?post=189039"}],"curies":[{"name":"wp","href":"https:\/\/api.w.org\/{rel}","templated":true}]}}