{"id":189051,"date":"2021-06-17T10:43:24","date_gmt":"2021-06-17T08:43:24","guid":{"rendered":"https:\/\/zjarr.tv\/?p=189051"},"modified":"2021-06-17T10:43:24","modified_gmt":"2021-06-17T08:43:24","slug":"erion-brace-i-del-ne-mbrojtje-kryebashkiakut-qe-fshehu-denimin-kerkoi-rrogen-me-force-nga-pronari-grek","status":"publish","type":"post","link":"https:\/\/zjarr.tv\/en\/erion-brace-i-del-ne-mbrojtje-kryebashkiakut-qe-fshehu-denimin-kerkoi-rrogen-me-force-nga-pronari-grek\/","title":{"rendered":"Erion Bra\u00e7e i del n\u00eb mbrojtje kryebashkiakut q\u00eb fshehu d\u00ebnimin: K\u00ebrkoi rrog\u00ebn me forc\u00eb nga pronari grek\u2026"},"content":{"rendered":"<p style=\"margin-top: 0in; background: white;\"><span style=\"color: #212529;\">Zv.kryeministri Erion Bra\u00e7e, me an\u00eb t\u00eb nj\u00eb postimi n\u00eb rrjetet sociale, i ka dal\u00eb n\u00eb mbrojtje kryebashkiakut socialist t\u00eb Mallakastr\u00ebs. Qerim Ismailja, i cili sipas hetimeve t\u00eb Prokuroris\u00eb ka qen\u00eb i d\u00ebnuar n\u00eb Greqi.<\/span><\/p>\n<p style=\"margin-top: 0in; background: white; box-sizing: border-box; margin-bottom: 1rem; font-variant-ligatures: normal; font-variant-caps: normal; orphans: 2; widows: 2; -webkit-text-stroke-width: 0px; text-decoration-thickness: initial; text-decoration-style: initial; text-decoration-color: initial; word-spacing: 0px;\"><span style=\"color: #212529;\">Hetimi p\u00ebr Ismailaj, erdhi pas akuzave t\u00eb b\u00ebr\u00eb nga Partia Demokratike, ku m\u00eb pas KQZ i k\u00ebrkoi Prokuroris\u00eb q\u00eb t\u00eb verifikonte n\u00ebse ai ishte i d\u00ebnuar. Pas kryerjes s\u00eb hetimeve Ismailja rezultoi se ka g\u00ebnjyer n\u00eb formularin e dekirminalizimit. Nd\u00ebrsa s\u00eb fundmi Erion Bra\u00e7e, i del n\u00eb krah Ismailajt, duke th\u00ebn\u00eb se n\u00eb Greqi \u00ebsht\u00eb d\u00ebnuar se ka k\u00ebrkuar rrog\u00ebn e tij tek pronari grek.<\/span><\/p>\n<p style=\"margin-top: 0in; background: white; box-sizing: border-box; margin-bottom: 1rem; font-variant-ligatures: normal; font-variant-caps: normal; orphans: 2; widows: 2; -webkit-text-stroke-width: 0px; text-decoration-thickness: initial; text-decoration-style: initial; text-decoration-color: initial; word-spacing: 0px;\"><span style=\"color: #212529;\">Bra\u00e7e thot\u00eb se Ismailaj \u00ebsht\u00eb d\u00ebnuar pa qen\u00eb n\u00eb dijeni, nd\u00ebrsa shton se ai ka qen\u00eb pun\u00ebtor krahu n\u00eb Greqi dhe vet\u00ebm ka k\u00ebrkuar rrog\u00ebn me forc\u00eb.<\/span><\/p>\n<p style=\"margin-top: 0in; background: white; box-sizing: border-box; margin-bottom: 1rem; font-variant-ligatures: normal; font-variant-caps: normal; orphans: 2; widows: 2; -webkit-text-stroke-width: 0px; text-decoration-thickness: initial; text-decoration-style: initial; text-decoration-color: initial; word-spacing: 0px;\"><span style=\"color: #212529;\">\u201cTani v\u00ebreni veten n\u00eb l\u00ebkur\u00ebn e nj\u00eb pun\u00ebtori n\u00eb nd\u00ebrtim n\u00eb Greqi q\u00eb rropatet dhe i mohojn\u00eb rrog\u00ebn, merrni frym\u00eb dy her\u00eb e kujtoni edhe familjar\u00ebt tuaj q\u00eb e kan\u00eb b\u00ebr\u00eb e vuajtur k\u00ebt\u00eb hall atje posht\u00eb, n\u00eb ishuj!\u201d shkruan Bra\u00e7e.<\/span><\/p>","protected":false},"excerpt":{"rendered":"<p>Zv.kryeministri Erion Bra\u00e7e, me an\u00eb t\u00eb nj\u00eb postimi n\u00eb rrjetet sociale, i ka dal\u00eb n\u00eb mbrojtje kryebashkiakut socialist t\u00eb Mallakastr\u00ebs. Qerim Ismailja, i cili sipas hetimeve t\u00eb Prokuroris\u00eb ka qen\u00eb i d\u00ebnuar n\u00eb Greqi. Hetimi p\u00ebr Ismailaj, erdhi pas akuzave t\u00eb b\u00ebr\u00eb nga Partia Demokratike, ku m\u00eb pas KQZ i k\u00ebrkoi Prokuroris\u00eb q\u00eb t\u00eb verifikonte [&hellip;]<\/p>\n","protected":false},"author":2016,"featured_media":189053,"comment_status":"closed","ping_status":"closed","sticky":false,"template":"","format":"standard","meta":{"footnotes":""},"categories":[241],"tags":[3860],"class_list":{"0":"post-189051","1":"post","2":"type-post","3":"status-publish","4":"format-standard","5":"has-post-thumbnail","7":"category-aktualitet","8":"tag-lajme-zjarr-brace-i-del-ne-mbrojtje-kryebashkiakut-zjarr-tv"},"_links":{"self":[{"href":"https:\/\/zjarr.tv\/en\/wp-json\/wp\/v2\/posts\/189051","targetHints":{"allow":["GET"]}}],"collection":[{"href":"https:\/\/zjarr.tv\/en\/wp-json\/wp\/v2\/posts"}],"about":[{"href":"https:\/\/zjarr.tv\/en\/wp-json\/wp\/v2\/types\/post"}],"author":[{"embeddable":true,"href":"https:\/\/zjarr.tv\/en\/wp-json\/wp\/v2\/users\/2016"}],"replies":[{"embeddable":true,"href":"https:\/\/zjarr.tv\/en\/wp-json\/wp\/v2\/comments?post=189051"}],"version-history":[{"count":0,"href":"https:\/\/zjarr.tv\/en\/wp-json\/wp\/v2\/posts\/189051\/revisions"}],"wp:featuredmedia":[{"embeddable":true,"href":"https:\/\/zjarr.tv\/en\/wp-json\/wp\/v2\/media\/189053"}],"wp:attachment":[{"href":"https:\/\/zjarr.tv\/en\/wp-json\/wp\/v2\/media?parent=189051"}],"wp:term":[{"taxonomy":"category","embeddable":true,"href":"https:\/\/zjarr.tv\/en\/wp-json\/wp\/v2\/categories?post=189051"},{"taxonomy":"post_tag","embeddable":true,"href":"https:\/\/zjarr.tv\/en\/wp-json\/wp\/v2\/tags?post=189051"}],"curies":[{"name":"wp","href":"https:\/\/api.w.org\/{rel}","templated":true}]}}