{"id":189055,"date":"2021-06-17T10:55:38","date_gmt":"2021-06-17T08:55:38","guid":{"rendered":"https:\/\/zjarr.tv\/?p=189055"},"modified":"2021-06-17T10:55:38","modified_gmt":"2021-06-17T08:55:38","slug":"lufta-ndaj-trafikimit-te-qenieve-njerezore-flet-yuri-kim-nese-keni-vize-amerikane-apo-leje-udhetimi-nuk-pi-me-uje-sepse-nuk-do-te-lejoheni-te-levizni","status":"publish","type":"post","link":"https:\/\/zjarr.tv\/en\/lufta-ndaj-trafikimit-te-qenieve-njerezore-flet-yuri-kim-nese-keni-vize-amerikane-apo-leje-udhetimi-nuk-pi-me-uje-sepse-nuk-do-te-lejoheni-te-levizni\/","title":{"rendered":"Lufta ndaj trafikimit t\u00eb qenieve njer\u00ebzore\/ Flet Yuri Kim: N\u00ebse keni viz\u00eb amerikane, apo leje udh\u00ebtimi, nuk pi m\u00eb uj\u00eb, sepse nuk do t\u00eb lejoheni t\u00eb l\u00ebvizni\u2026"},"content":{"rendered":"<p>Nj\u00eb konferenc\u00eb kund\u00ebr trafikimit t\u00eb qenieve njer\u00ebzore, \u00ebsht\u00eb mbajtur dit\u00ebn e sotme, ku kan\u00eb marr\u00eb pjes\u00eb zyrtar\u00eb t\u00eb qeveris\u00eb, p\u00ebrfaq\u00ebsues t\u00eb OSBE-s\u00eb, ambasadori i Bashkimit Europian, Luigi Soreca dhe ambasadorja e SHBA-ve, Yuri Kim.<\/p>\n<p>Konferenca e mbajtur ka pasur n\u00eb fokus kryesor, trafikimin e qenieve njer\u00ebzore, ku jan\u00eb renditur edhe arritje q\u00eb Shqip\u00ebria ka b\u00ebr\u00eb n\u00eb k\u00ebt\u00eb fush\u00eb. N\u00eb fjal\u00ebn e saj, ambasadorja e SHBA-ve, Yuri Kim ka th\u00ebn\u00eb se vet\u00eb urdhri ekzekutiv i Joe Biden, ka t\u00eb b\u00ebj\u00eb n\u00eb m\u00ebnyr\u00eb t\u00eb drejt\u00ebp\u00ebrdrejt\u00eb me k\u00ebto shkelje, ku theksoi se nuk do t\u00eb lejohet hyrja e trafikant\u00ebve n\u00eb SHBA edhe n\u00ebse do t\u00eb kishin viz\u00eb amerikane apo leje udh\u00ebtimi.<\/p>\n<p><em>\u201cP\u00ebr kapitullin e Shqip\u00ebris\u00eb, nuk k\u00ebrkohet asgj\u00eb m\u00eb pak sesa lufta ndaj trafikimit t\u00eb qenieve njer\u00ebzore. <\/em><em>Urdhri ekzekutiv i Biden n\u00eb Ballkanit Per\u00ebndimor, ndikon n\u00eb luft\u00ebn e trafikimit t\u00eb qen\u00ebive njer\u00ebzore n\u00eb Ballkanin Per\u00ebndimor. <\/em><\/p>\n<p><em>N\u00ebse trafikoni qenie njer\u00ebzore, n\u00ebse keni viz\u00eb amerikane, nuk pi m\u00eb uj\u00eb, nuk do ju b\u00ebj\u00eb pun\u00eb sepse nuk do t\u00eb lejoheni t\u00eb l\u00ebvizni drejt SHBA-ve. <\/em><em>Presim me k\u00ebnaq\u00ebsi t\u00eb bashk\u00ebpunojm\u00eb me OSBE-n\u00eb dhe Shqip\u00ebrin\u00eb p\u00ebr t\u00eb bashk\u00ebrenduar q\u00ebllimet tona t\u00eb p\u00ebrbashk\u00ebta. Shqip\u00ebria \u00ebsht\u00eb me t\u00eb v\u00ebrtet\u00eb n\u00eb nj\u00eb pik\u00eb kthese. Ajo \u00ebsht\u00eb an\u00ebtare e NATO-s q\u00eb prej 2009. \u00cbsht\u00eb n\u00eb prag t\u00eb hapjes s\u00eb negociatave t\u00eb an\u00ebtar\u00ebsimit n\u00eb BE. Ky \u00ebsht\u00eb momenti p\u00ebr Shqip\u00ebrin\u00eb.<\/em><\/p>\n<p><em>Fal\u00eb reform\u00ebs n\u00eb drejt\u00ebsi ju e keni mund\u00ebsin\u00eb p\u00ebr t\u00eb d\u00ebnuar trafikant\u00ebt dhe p\u00ebr t\u2019i \u00e7uar pas hekurave. Le t\u00eb punojm\u00eb s\u00eb bashku n\u00eb partneritet p\u00ebr t\u00eb luftuar trafikimin e qenieve njer\u00ebzore\u201d<\/em>, u shpreh Yuri Kim.<\/p>\n<p>&nbsp;<\/p>","protected":false},"excerpt":{"rendered":"<p>Nj\u00eb konferenc\u00eb kund\u00ebr trafikimit t\u00eb qenieve njer\u00ebzore, \u00ebsht\u00eb mbajtur dit\u00ebn e sotme, ku kan\u00eb marr\u00eb pjes\u00eb zyrtar\u00eb t\u00eb qeveris\u00eb, p\u00ebrfaq\u00ebsues t\u00eb OSBE-s\u00eb, ambasadori i Bashkimit Europian, Luigi Soreca dhe ambasadorja e SHBA-ve, Yuri Kim. Konferenca e mbajtur ka pasur n\u00eb fokus kryesor, trafikimin e qenieve njer\u00ebzore, ku jan\u00eb renditur edhe arritje q\u00eb Shqip\u00ebria ka b\u00ebr\u00eb [&hellip;]<\/p>\n","protected":false},"author":2016,"featured_media":189057,"comment_status":"closed","ping_status":"closed","sticky":false,"template":"","format":"standard","meta":{"footnotes":""},"categories":[241],"tags":[2276],"class_list":{"0":"post-189055","1":"post","2":"type-post","3":"status-publish","4":"format-standard","5":"has-post-thumbnail","7":"category-aktualitet","8":"tag-lajme-zjarr-flet-yuri-kim-zjarr-tv"},"_links":{"self":[{"href":"https:\/\/zjarr.tv\/en\/wp-json\/wp\/v2\/posts\/189055","targetHints":{"allow":["GET"]}}],"collection":[{"href":"https:\/\/zjarr.tv\/en\/wp-json\/wp\/v2\/posts"}],"about":[{"href":"https:\/\/zjarr.tv\/en\/wp-json\/wp\/v2\/types\/post"}],"author":[{"embeddable":true,"href":"https:\/\/zjarr.tv\/en\/wp-json\/wp\/v2\/users\/2016"}],"replies":[{"embeddable":true,"href":"https:\/\/zjarr.tv\/en\/wp-json\/wp\/v2\/comments?post=189055"}],"version-history":[{"count":0,"href":"https:\/\/zjarr.tv\/en\/wp-json\/wp\/v2\/posts\/189055\/revisions"}],"wp:featuredmedia":[{"embeddable":true,"href":"https:\/\/zjarr.tv\/en\/wp-json\/wp\/v2\/media\/189057"}],"wp:attachment":[{"href":"https:\/\/zjarr.tv\/en\/wp-json\/wp\/v2\/media?parent=189055"}],"wp:term":[{"taxonomy":"category","embeddable":true,"href":"https:\/\/zjarr.tv\/en\/wp-json\/wp\/v2\/categories?post=189055"},{"taxonomy":"post_tag","embeddable":true,"href":"https:\/\/zjarr.tv\/en\/wp-json\/wp\/v2\/tags?post=189055"}],"curies":[{"name":"wp","href":"https:\/\/api.w.org\/{rel}","templated":true}]}}