{"id":189059,"date":"2021-06-17T11:11:16","date_gmt":"2021-06-17T09:11:16","guid":{"rendered":"https:\/\/zjarr.tv\/?p=189059"},"modified":"2021-06-17T11:11:16","modified_gmt":"2021-06-17T09:11:16","slug":"ilva-tare-u-largua-drejt-shba-se-erla-mehilli-merr-drejtimin-e-emisionit-politik","status":"publish","type":"post","link":"https:\/\/zjarr.tv\/en\/ilva-tare-u-largua-drejt-shba-se-erla-mehilli-merr-drejtimin-e-emisionit-politik\/","title":{"rendered":"Ilva Tare u largua drejt SHBA-s\u00eb\/ Erla M\u00ebhilli merr drejtimin e emisionit politik\u2026"},"content":{"rendered":"<p>Ilva Tare \u00ebsht\u00eb larguar nga programi i saj politik n\u00eb Euronews dhe nj\u00eb tjet\u00ebr figur\u00eb e njohur do ta z\u00ebvend\u00ebsoj\u00eb. B\u00ebhet fjal\u00eb p\u00ebr Erla M\u00ebhillin, e cila do t\u00eb marr\u00eb drejtimin e prgramit \u2018Raw Politics\u2019. Vet\u00eb Ilva ka postuar nj\u00eb foto t\u00eb Erl\u00ebs duke i uruar suksese.<\/p>\n<p>M\u00ebsohet se Ilva do t\u2019i bashkohet bashk\u00ebshortit n\u00eb Shtetet e Bashkuara. Cifti, t\u00eb cil\u00ebt jan\u00eb edhe prind\u00ebr t\u00eb dy f\u00ebmij\u00ebve, Melody dhe Tomas, do ta nd\u00ebrtojn\u00eb atje jet\u00ebn tashm\u00eb.<\/p>\n<p><img loading=\"lazy\" decoding=\"async\" class=\"alignnone size-full wp-image-189061\" src=\"https:\/\/zjarr.tv\/wp-content\/uploads\/2021\/06\/ilva.png\" alt=\"\" width=\"627\" height=\"405\" srcset=\"https:\/\/zjarr.tv\/wp-content\/uploads\/2021\/06\/ilva.png 627w, https:\/\/zjarr.tv\/wp-content\/uploads\/2021\/06\/ilva-300x194.png 300w\" sizes=\"auto, (max-width: 627px) 100vw, 627px\" \/><\/p>\n<p><img loading=\"lazy\" decoding=\"async\" class=\"alignnone size-full wp-image-189062\" src=\"https:\/\/zjarr.tv\/wp-content\/uploads\/2021\/06\/erla.png\" alt=\"\" width=\"622\" height=\"693\" srcset=\"https:\/\/zjarr.tv\/wp-content\/uploads\/2021\/06\/erla.png 622w, https:\/\/zjarr.tv\/wp-content\/uploads\/2021\/06\/erla-269x300.png 269w, https:\/\/zjarr.tv\/wp-content\/uploads\/2021\/06\/erla-377x420.png 377w\" sizes=\"auto, (max-width: 622px) 100vw, 622px\" \/><\/p>\n<p>&nbsp;<\/p>","protected":false},"excerpt":{"rendered":"<p>Ilva Tare \u00ebsht\u00eb larguar nga programi i saj politik n\u00eb Euronews dhe nj\u00eb tjet\u00ebr figur\u00eb e njohur do ta z\u00ebvend\u00ebsoj\u00eb. B\u00ebhet fjal\u00eb p\u00ebr Erla M\u00ebhillin, e cila do t\u00eb marr\u00eb drejtimin e prgramit \u2018Raw Politics\u2019. Vet\u00eb Ilva ka postuar nj\u00eb foto t\u00eb Erl\u00ebs duke i uruar suksese. M\u00ebsohet se Ilva do t\u2019i bashkohet bashk\u00ebshortit n\u00eb [&hellip;]<\/p>\n","protected":false},"author":2016,"featured_media":189063,"comment_status":"closed","ping_status":"closed","sticky":false,"template":"","format":"standard","meta":{"footnotes":""},"categories":[241],"tags":[3861],"class_list":{"0":"post-189059","1":"post","2":"type-post","3":"status-publish","4":"format-standard","5":"has-post-thumbnail","7":"category-aktualitet","8":"tag-lajme-zjarr-ilva-tare-u-largua-drejt-shba-se-zjarr-tv"},"_links":{"self":[{"href":"https:\/\/zjarr.tv\/en\/wp-json\/wp\/v2\/posts\/189059","targetHints":{"allow":["GET"]}}],"collection":[{"href":"https:\/\/zjarr.tv\/en\/wp-json\/wp\/v2\/posts"}],"about":[{"href":"https:\/\/zjarr.tv\/en\/wp-json\/wp\/v2\/types\/post"}],"author":[{"embeddable":true,"href":"https:\/\/zjarr.tv\/en\/wp-json\/wp\/v2\/users\/2016"}],"replies":[{"embeddable":true,"href":"https:\/\/zjarr.tv\/en\/wp-json\/wp\/v2\/comments?post=189059"}],"version-history":[{"count":0,"href":"https:\/\/zjarr.tv\/en\/wp-json\/wp\/v2\/posts\/189059\/revisions"}],"wp:featuredmedia":[{"embeddable":true,"href":"https:\/\/zjarr.tv\/en\/wp-json\/wp\/v2\/media\/189063"}],"wp:attachment":[{"href":"https:\/\/zjarr.tv\/en\/wp-json\/wp\/v2\/media?parent=189059"}],"wp:term":[{"taxonomy":"category","embeddable":true,"href":"https:\/\/zjarr.tv\/en\/wp-json\/wp\/v2\/categories?post=189059"},{"taxonomy":"post_tag","embeddable":true,"href":"https:\/\/zjarr.tv\/en\/wp-json\/wp\/v2\/tags?post=189059"}],"curies":[{"name":"wp","href":"https:\/\/api.w.org\/{rel}","templated":true}]}}