{"id":189241,"date":"2021-06-18T13:57:32","date_gmt":"2021-06-18T11:57:32","guid":{"rendered":"https:\/\/zjarr.tv\/?p=189241"},"modified":"2021-06-18T13:57:32","modified_gmt":"2021-06-18T11:57:32","slug":"lajm-i-mire-me-ne-fund-greqia-vendos-te-hape-kufirin-me-shqiperine-ja-kur-mund-te-udhetoni-drejt-vendit-fqinj","status":"publish","type":"post","link":"https:\/\/zjarr.tv\/en\/lajm-i-mire-me-ne-fund-greqia-vendos-te-hape-kufirin-me-shqiperine-ja-kur-mund-te-udhetoni-drejt-vendit-fqinj\/","title":{"rendered":"Lajm i mir\u00eb, m\u00eb n\u00eb fund Greqia vendos t\u00eb hap\u00eb kufirin me Shqip\u00ebrin\u00eb, ja kur mund t\u00eb udh\u00ebtoni drejt vendit fqinj"},"content":{"rendered":"<p style=\"background: white; margin: 0in 0in 19.5pt 0in;\"><span style=\"color: #222222;\">Pas shum\u00eb koh\u00ebsh \u201czvarritje\u201d, Greqia ka marr\u00eb vendimin q\u00eb t\u00eb hap\u00eb kufirin me Shqip\u00ebrin\u00eb.<\/span><\/p>\n<p style=\"background: white; -webkit-tap-highlight-color: transparent !important; box-sizing: border-box; overflow-wrap: break-word; font-variant-ligatures: normal; font-variant-caps: normal; orphans: 2; widows: 2; -webkit-text-stroke-width: 0px; text-decoration-thickness: initial; text-decoration-style: initial; text-decoration-color: initial; word-spacing: 0px; margin: 0in 0in 19.5pt 0in;\"><span style=\"color: #222222;\">B\u00ebhet me dije se sot \u00ebsht\u00eb marr\u00eb vendimi nga Ministria e Turizmit t\u00eb Greqis\u00eb. M\u00ebsohet se pas dat\u00ebs 28 qershor shqiptar\u00ebt do t\u00eb jen\u00eb t\u00eb lir\u00eb t\u00eb udh\u00ebtojn\u00eb drejt Greqis\u00eb.<\/span><\/p>\n<p style=\"background: white; -webkit-tap-highlight-color: transparent !important; box-sizing: border-box; overflow-wrap: break-word; font-variant-ligatures: normal; font-variant-caps: normal; orphans: 2; widows: 2; -webkit-text-stroke-width: 0px; text-decoration-thickness: initial; text-decoration-style: initial; text-decoration-color: initial; word-spacing: 0px; margin: 0in 0in 19.5pt 0in;\"><span style=\"color: #222222;\">Kujtojm\u00eb q\u00eb ky vendim vjen pas rekomandimit t\u00eb KE-s\u00eb, ku u drejtohej shteteve t\u00eb BE-s\u00eb q\u00eb t\u00eb hiqnin kufizimin e udh\u00ebtimit p\u00ebr disa shtete, ku mes tyre ishte edhe Shqip\u00ebria.<\/span><\/p>","protected":false},"excerpt":{"rendered":"<p>Pas shum\u00eb koh\u00ebsh \u201czvarritje\u201d, Greqia ka marr\u00eb vendimin q\u00eb t\u00eb hap\u00eb kufirin me Shqip\u00ebrin\u00eb. B\u00ebhet me dije se sot \u00ebsht\u00eb marr\u00eb vendimi nga Ministria e Turizmit t\u00eb Greqis\u00eb. M\u00ebsohet se pas dat\u00ebs 28 qershor shqiptar\u00ebt do t\u00eb jen\u00eb t\u00eb lir\u00eb t\u00eb udh\u00ebtojn\u00eb drejt Greqis\u00eb. Kujtojm\u00eb q\u00eb ky vendim vjen pas rekomandimit t\u00eb KE-s\u00eb, ku u [&hellip;]<\/p>\n","protected":false},"author":2030,"featured_media":189242,"comment_status":"closed","ping_status":"closed","sticky":false,"template":"","format":"standard","meta":{"footnotes":""},"categories":[241],"tags":[],"class_list":{"0":"post-189241","1":"post","2":"type-post","3":"status-publish","4":"format-standard","5":"has-post-thumbnail","7":"category-aktualitet"},"_links":{"self":[{"href":"https:\/\/zjarr.tv\/en\/wp-json\/wp\/v2\/posts\/189241","targetHints":{"allow":["GET"]}}],"collection":[{"href":"https:\/\/zjarr.tv\/en\/wp-json\/wp\/v2\/posts"}],"about":[{"href":"https:\/\/zjarr.tv\/en\/wp-json\/wp\/v2\/types\/post"}],"author":[{"embeddable":true,"href":"https:\/\/zjarr.tv\/en\/wp-json\/wp\/v2\/users\/2030"}],"replies":[{"embeddable":true,"href":"https:\/\/zjarr.tv\/en\/wp-json\/wp\/v2\/comments?post=189241"}],"version-history":[{"count":0,"href":"https:\/\/zjarr.tv\/en\/wp-json\/wp\/v2\/posts\/189241\/revisions"}],"wp:featuredmedia":[{"embeddable":true,"href":"https:\/\/zjarr.tv\/en\/wp-json\/wp\/v2\/media\/189242"}],"wp:attachment":[{"href":"https:\/\/zjarr.tv\/en\/wp-json\/wp\/v2\/media?parent=189241"}],"wp:term":[{"taxonomy":"category","embeddable":true,"href":"https:\/\/zjarr.tv\/en\/wp-json\/wp\/v2\/categories?post=189241"},{"taxonomy":"post_tag","embeddable":true,"href":"https:\/\/zjarr.tv\/en\/wp-json\/wp\/v2\/tags?post=189241"}],"curies":[{"name":"wp","href":"https:\/\/api.w.org\/{rel}","templated":true}]}}