{"id":189266,"date":"2021-06-18T15:36:46","date_gmt":"2021-06-18T13:36:46","guid":{"rendered":"https:\/\/zjarr.tv\/?p=189266"},"modified":"2021-06-18T15:39:28","modified_gmt":"2021-06-18T13:39:28","slug":"realizohet-nderhyrja-e-rralle-ne-zemer-tek-foshnja-vetem-3-diteshe-flet-mjeku-nje-enderr-qe-behet-realitet-ne-shqiperi","status":"publish","type":"post","link":"https:\/\/zjarr.tv\/en\/realizohet-nderhyrja-e-rralle-ne-zemer-tek-foshnja-vetem-3-diteshe-flet-mjeku-nje-enderr-qe-behet-realitet-ne-shqiperi\/","title":{"rendered":"Realizohet nd\u00ebrhyrja e rrall\u00eb n\u00eb zem\u00ebr, tek foshnja vet\u00ebm 3 dit\u00ebshe\/ Flet mjeku: Nj\u00eb \u00ebnd\u00ebrr q\u00eb b\u00ebhet realitet n\u00eb Shqip\u00ebri\u2026"},"content":{"rendered":"<p style=\"background: white; margin: 0in 0in 19.5pt 0in;\"><span style=\"color: #222222;\">\u00cbsht\u00eb kryer nj\u00eb operacion i rrall\u00eb n\u00eb zem\u00ebr, te nj\u00eb bebe e porsalindur n\u00eb ambientet e QSUT-s\u00eb. <\/span><span style=\"color: #222222;\">Ka qen\u00eb doktori, Altin Veshti i cili ka b\u00ebr\u00eb me dije se kjo nd\u00ebrhyrje e v\u00ebshtir\u00eb kirurgjikale, ka p\u00ebrfunduar me sukses fal\u00eb ndihm\u00ebs s\u00eb koleg\u00ebve t\u00eb tij.<\/span><\/p>\n<p style=\"background: white; -webkit-tap-highlight-color: transparent !important; box-sizing: border-box; overflow-wrap: break-word; font-variant-ligatures: normal; font-variant-caps: normal; orphans: 2; widows: 2; -webkit-text-stroke-width: 0px; text-decoration-thickness: initial; text-decoration-style: initial; text-decoration-color: initial; word-spacing: 0px; margin: 0in 0in 19.5pt 0in;\"><span style=\"color: #222222;\">Nd\u00ebrkoh\u00eb, ai nuk ka nguruar t\u2019i falenderoj\u00eb k\u00ebta t\u00eb fundit, p\u00ebr asistimin e b\u00ebr\u00eb gjat\u00eb k\u00ebtij operacioni, i cili sipas mjekut \u00ebsht\u00eb nj\u00eb dedikim p\u00ebr profesorin e ndjer\u00eb, q\u00eb e m\u00ebsoi t\u00eb kryente nd\u00ebrhyrje t\u00eb komplikuara n\u00eb zem\u00ebr.<\/span><\/p>\n<p style=\"background: white; -webkit-tap-highlight-color: transparent !important; box-sizing: border-box; overflow-wrap: break-word; font-variant-ligatures: normal; font-variant-caps: normal; orphans: 2; widows: 2; -webkit-text-stroke-width: 0px; text-decoration-thickness: initial; text-decoration-style: initial; text-decoration-color: initial; word-spacing: 0px; margin: 0in 0in 19.5pt 0in;\"><span style=\"color: #222222;\">\u201cNje dedikim per Profesorin tim Aldo Casta\u00f1eda (Boston children\u2019s Hospital, UNICAR) i cili vdiq nje muaj me pare, pionier i Kardiokirurgjise nga i cili mesova te operoj Traspozicionin e Arterieve te medha. Nderhyrja me e komplikuar ne zemer.<\/span><\/p>\n<p style=\"background: white; -webkit-tap-highlight-color: transparent !important; box-sizing: border-box; overflow-wrap: break-word; font-variant-ligatures: normal; font-variant-caps: normal; orphans: 2; widows: 2; -webkit-text-stroke-width: 0px; text-decoration-thickness: initial; text-decoration-style: initial; text-decoration-color: initial; word-spacing: 0px; margin: 0in 0in 19.5pt 0in;\"><span style=\"color: #222222;\">Nje BRAVO e madhe per trajtimin e Traspozicionit te Eneve te Medha te Zemres me difekt interventrikolar dhe difekt interatrial ne Qendra Spitalore Universitare \u201cN\u00ebn\u00eb Tereza\u201d Tiran\u00eb\u00a0 si ne qendrat e medha terziare ne bote,\u00a0 EKIPIT TE MATERNITETIT Suogj Mbreteresha Geraldine , ekipit te Kardiokirurgjise dhe Pediatrise. Per here te pare ne\u00a0\u00a0kryhet procedura hemodinamike e RASHKIND ne nje femije 3 ditesh nga mjeket Dr\u00a0Saimir Ku\u00e7i\u00a0 Dr. Alfred Ibrahimi\u00a0 Dr. Aurel F. Demiraj Dr. Albert Koja duke stabilizuar bebin dhe duke rritur oksigjenin ne gjak nga 60 ne 80 % dhe per ta operuar ne moshen 9 DITESH nga Prof. Altin Veshti dhe Prof. Arben Baboci anestezistet\u00a0Dr. Saimir Kuci, Dr. Alfred Ibrahimi.\u00a0 Kjo eshte nje enderr e sjelle nga Padova,\u00a0Guatemala,\u00a0Boston e bere realitet ne Shqiperi. Deshira e mire, besimi dhe profesionalizmi i gjithe kolegeve e beri te mundur. Flm\u201d, shkruan Veshti.<\/span><\/p>\n<p><img loading=\"lazy\" decoding=\"async\" class=\"alignnone size-full wp-image-189285\" src=\"https:\/\/zjarr.tv\/wp-content\/uploads\/2021\/06\/Altin.png\" alt=\"\" width=\"504\" height=\"781\" srcset=\"https:\/\/zjarr.tv\/wp-content\/uploads\/2021\/06\/Altin.png 504w, https:\/\/zjarr.tv\/wp-content\/uploads\/2021\/06\/Altin-194x300.png 194w, https:\/\/zjarr.tv\/wp-content\/uploads\/2021\/06\/Altin-271x420.png 271w\" sizes=\"auto, (max-width: 504px) 100vw, 504px\" \/><\/p>","protected":false},"excerpt":{"rendered":"<p>\u00cbsht\u00eb kryer nj\u00eb operacion i rrall\u00eb n\u00eb zem\u00ebr, te nj\u00eb bebe e porsalindur n\u00eb ambientet e QSUT-s\u00eb. Ka qen\u00eb doktori, Altin Veshti i cili ka b\u00ebr\u00eb me dije se kjo nd\u00ebrhyrje e v\u00ebshtir\u00eb kirurgjikale, ka p\u00ebrfunduar me sukses fal\u00eb ndihm\u00ebs s\u00eb koleg\u00ebve t\u00eb tij. Nd\u00ebrkoh\u00eb, ai nuk ka nguruar t\u2019i falenderoj\u00eb k\u00ebta t\u00eb fundit, p\u00ebr [&hellip;]<\/p>\n","protected":false},"author":2016,"featured_media":189284,"comment_status":"closed","ping_status":"closed","sticky":false,"template":"","format":"standard","meta":{"footnotes":""},"categories":[241],"tags":[3888],"class_list":{"0":"post-189266","1":"post","2":"type-post","3":"status-publish","4":"format-standard","5":"has-post-thumbnail","7":"category-aktualitet","8":"tag-lajme-zjarr-nderhyrja-e-rralle-ne-zemer-tek-foshnja-zjarr-tv"},"_links":{"self":[{"href":"https:\/\/zjarr.tv\/en\/wp-json\/wp\/v2\/posts\/189266","targetHints":{"allow":["GET"]}}],"collection":[{"href":"https:\/\/zjarr.tv\/en\/wp-json\/wp\/v2\/posts"}],"about":[{"href":"https:\/\/zjarr.tv\/en\/wp-json\/wp\/v2\/types\/post"}],"author":[{"embeddable":true,"href":"https:\/\/zjarr.tv\/en\/wp-json\/wp\/v2\/users\/2016"}],"replies":[{"embeddable":true,"href":"https:\/\/zjarr.tv\/en\/wp-json\/wp\/v2\/comments?post=189266"}],"version-history":[{"count":0,"href":"https:\/\/zjarr.tv\/en\/wp-json\/wp\/v2\/posts\/189266\/revisions"}],"wp:featuredmedia":[{"embeddable":true,"href":"https:\/\/zjarr.tv\/en\/wp-json\/wp\/v2\/media\/189284"}],"wp:attachment":[{"href":"https:\/\/zjarr.tv\/en\/wp-json\/wp\/v2\/media?parent=189266"}],"wp:term":[{"taxonomy":"category","embeddable":true,"href":"https:\/\/zjarr.tv\/en\/wp-json\/wp\/v2\/categories?post=189266"},{"taxonomy":"post_tag","embeddable":true,"href":"https:\/\/zjarr.tv\/en\/wp-json\/wp\/v2\/tags?post=189266"}],"curies":[{"name":"wp","href":"https:\/\/api.w.org\/{rel}","templated":true}]}}