{"id":189300,"date":"2021-06-18T16:55:58","date_gmt":"2021-06-18T14:55:58","guid":{"rendered":"https:\/\/zjarr.tv\/?p=189300"},"modified":"2021-06-18T16:55:58","modified_gmt":"2021-06-18T14:55:58","slug":"lideret-e-ballkanit-perendimor-mblidhen-ne-vjenemungon-kryeministri-edi-rama-ja-kush-e-perfaqeson","status":"publish","type":"post","link":"https:\/\/zjarr.tv\/en\/lideret-e-ballkanit-perendimor-mblidhen-ne-vjenemungon-kryeministri-edi-rama-ja-kush-e-perfaqeson\/","title":{"rendered":"Lider\u00ebt e Ballkanit Per\u00ebndimor mblidhen n\u00eb Vjen\u00eb,mungon kryeministri Edi Rama (Ja kush e p\u00ebrfaq\u00ebson)"},"content":{"rendered":"<p>Kancelari austriak, Sebastian Kurz, po kryeson nj\u00eb samit midis Austris\u00eb dhe Ballkanit Per\u00ebndimor.<\/p>\n<p>Samiti mblodhi n\u00eb Vjen\u00eb udh\u00ebheq\u00ebsit e Kosov\u00ebs, Shqip\u00ebris\u00eb, Serbis\u00eb, Bosnje e Hercegovin\u00ebs, Maqedonis\u00eb s\u00eb Veriut dhe Malit t\u00eb Zi.<\/p>\n<p>Kosova p\u00ebrfaq\u00ebsohet nga kryeministri Albin Kurti, Shqip\u00ebria nga ministrja e Infrastruktur\u00ebs dhe Energjetik\u00ebs, Belinda Balluku, Serbia nga kryeministrja Ana B\u00ebrnabiq, Bosnja nga kryesuesi i K\u00ebshillit t\u00eb Ministrave, Zoran Tegeltija, Maqedonia e Veriut nga kryeministri Zoran Zaev dhe Mali i Zi nga kryeministri Zdravko Krivokapiq.<\/p>\n<p>N\u00eb samit po merr pjes\u00eb edhe p\u00ebrfaq\u00ebsuesi i posa\u00e7\u00ebm i Bashkimit Evropian p\u00ebr dialogun midis Kosov\u00ebs dhe Serbis\u00eb, Mirosllav Laj\u00e7ak.<\/p>\n<p>Kurz paralajm\u00ebroi se n\u00eb samit do t\u00eb theksohet se Ballkani Per\u00ebndimor mund t\u00eb llogaris\u00eb n\u00eb mb\u00ebshtetjen e plot\u00eb p\u00ebr reformat n\u00eb rrug\u00ebn drejt BE-s\u00eb dhe p\u00ebr luft\u00ebn kund\u00ebr pandemis\u00eb s\u00eb koronavirusit.<\/p>\n<p>Do t\u00eb flitet edhe p\u00ebr luft\u00ebn e p\u00ebrbashk\u00ebt kund\u00ebr migracionit t\u00eb paligjsh\u00ebm, shkroi Kurz n\u00eb Twitter.<\/p>\n<p><img loading=\"lazy\" decoding=\"async\" class=\"alignnone size-medium wp-image-189302\" src=\"https:\/\/zjarr.tv\/wp-content\/uploads\/2021\/06\/Untitled-design-93-300x251.jpg\" alt=\"\" width=\"300\" height=\"251\" srcset=\"https:\/\/zjarr.tv\/wp-content\/uploads\/2021\/06\/Untitled-design-93-300x251.jpg 300w, https:\/\/zjarr.tv\/wp-content\/uploads\/2021\/06\/Untitled-design-93-768x644.jpg 768w, https:\/\/zjarr.tv\/wp-content\/uploads\/2021\/06\/Untitled-design-93-696x583.jpg 696w, https:\/\/zjarr.tv\/wp-content\/uploads\/2021\/06\/Untitled-design-93-501x420.jpg 501w, https:\/\/zjarr.tv\/wp-content\/uploads\/2021\/06\/Untitled-design-93.jpg 940w\" sizes=\"auto, (max-width: 300px) 100vw, 300px\" \/><\/p>","protected":false},"excerpt":{"rendered":"<p>Kancelari austriak, Sebastian Kurz, po kryeson nj\u00eb samit midis Austris\u00eb dhe Ballkanit Per\u00ebndimor. Samiti mblodhi n\u00eb Vjen\u00eb udh\u00ebheq\u00ebsit e Kosov\u00ebs, Shqip\u00ebris\u00eb, Serbis\u00eb, Bosnje e Hercegovin\u00ebs, Maqedonis\u00eb s\u00eb Veriut dhe Malit t\u00eb Zi. Kosova p\u00ebrfaq\u00ebsohet nga kryeministri Albin Kurti, Shqip\u00ebria nga ministrja e Infrastruktur\u00ebs dhe Energjetik\u00ebs, Belinda Balluku, Serbia nga kryeministrja Ana B\u00ebrnabiq, Bosnja nga kryesuesi [&hellip;]<\/p>\n","protected":false},"author":2030,"featured_media":189301,"comment_status":"closed","ping_status":"closed","sticky":false,"template":"","format":"standard","meta":{"footnotes":""},"categories":[241,191],"tags":[],"class_list":{"0":"post-189300","1":"post","2":"type-post","3":"status-publish","4":"format-standard","5":"has-post-thumbnail","7":"category-aktualitet","8":"category-bota"},"_links":{"self":[{"href":"https:\/\/zjarr.tv\/en\/wp-json\/wp\/v2\/posts\/189300","targetHints":{"allow":["GET"]}}],"collection":[{"href":"https:\/\/zjarr.tv\/en\/wp-json\/wp\/v2\/posts"}],"about":[{"href":"https:\/\/zjarr.tv\/en\/wp-json\/wp\/v2\/types\/post"}],"author":[{"embeddable":true,"href":"https:\/\/zjarr.tv\/en\/wp-json\/wp\/v2\/users\/2030"}],"replies":[{"embeddable":true,"href":"https:\/\/zjarr.tv\/en\/wp-json\/wp\/v2\/comments?post=189300"}],"version-history":[{"count":0,"href":"https:\/\/zjarr.tv\/en\/wp-json\/wp\/v2\/posts\/189300\/revisions"}],"wp:featuredmedia":[{"embeddable":true,"href":"https:\/\/zjarr.tv\/en\/wp-json\/wp\/v2\/media\/189301"}],"wp:attachment":[{"href":"https:\/\/zjarr.tv\/en\/wp-json\/wp\/v2\/media?parent=189300"}],"wp:term":[{"taxonomy":"category","embeddable":true,"href":"https:\/\/zjarr.tv\/en\/wp-json\/wp\/v2\/categories?post=189300"},{"taxonomy":"post_tag","embeddable":true,"href":"https:\/\/zjarr.tv\/en\/wp-json\/wp\/v2\/tags?post=189300"}],"curies":[{"name":"wp","href":"https:\/\/api.w.org\/{rel}","templated":true}]}}