{"id":189325,"date":"2021-06-18T18:14:11","date_gmt":"2021-06-18T16:14:11","guid":{"rendered":"https:\/\/zjarr.tv\/?p=189325"},"modified":"2021-06-18T18:14:11","modified_gmt":"2021-06-18T16:14:11","slug":"nderprerja-e-kontratave-per-1-mije-mjeket-specializante-te-punesuar-gjate-pandemise-reagon-vasili-vendim-arrogant-dhe-arbitrar-kush-kupton-fare-pak-nga-mjekesia-e-di-se","status":"publish","type":"post","link":"https:\/\/zjarr.tv\/en\/nderprerja-e-kontratave-per-1-mije-mjeket-specializante-te-punesuar-gjate-pandemise-reagon-vasili-vendim-arrogant-dhe-arbitrar-kush-kupton-fare-pak-nga-mjekesia-e-di-se\/","title":{"rendered":"Nd\u00ebrprerja e kontratave p\u00ebr 1 mij\u00eb mjek\u00ebt specializant\u00eb t\u00eb pun\u00ebsuar gjat\u00eb pandemis\u00eb, reagon Vasili: Vendim arrogant dhe arbitrar, kush kupton fare pak nga mjek\u00ebsia e di se\u2026"},"content":{"rendered":"<p>Pas njoftimit t\u00eb Ministris\u00eb s\u00eb Sh\u00ebndet\u00ebsis\u00eb ku lajm\u00ebrohej se do t\u00eb nd\u00ebrpritej kontrata p\u00ebr 1 mij\u00eb mjek\u00eb specializant\u00eb t\u00eb cil\u00ebt ishin pun\u00ebsuar gjat\u00eb pandemis\u00eb, ka ardhur edhe reagimi nga n\u00ebnkryetari i L\u00ebvizjes Socialiste p\u00ebr Integrim, Petrit Vasili.<\/p>\n<p>N\u00eb nj\u00eb postim n\u00eb rrjetin e tij social \u2018facebook\u2019, Vasili ka shkruar se ky ishte nj\u00eb vendim arrogant dhe arbitrar, pasi ngarkesa e tyre gjat\u00eb pandemis\u00eb ka qen\u00eb mjaft e madhe, gjithashtu edhe roli i tyre ka qen\u00eb i paz\u00ebvend\u00ebsuesh\u00ebm gjat\u00eb pandemis\u00eb.<\/p>\n<p>Postimi i Plot\u00eb nga Petrit Vasili<\/p>\n<p>Qindra mjekeve specializante rilindja u nderpret Kontraten e Punes!<\/p>\n<p>Nje Vendim arbitrar, i pa mend dhe arrogant u nderpret mjekeve specializante kontraten e punes.<\/p>\n<p>Kush kupton fare pak mjeksi dhe njeh realitetin e perditshem te spitaleve tona dhe e di shume mire ngarkesen dhe rolin e mjekeve specializante.<\/p>\n<p>Pretendimi i Ministrise se Shendetesise se keta duhet marrin miratimin paraprak te saj eshte i trashe dhe pa kuptim.<\/p>\n<p>\u00c7do lek qe kane marre deri tani specializantet eshte miratuar nga Ministria se Drejtorite Rajonale nuk i kane paguar nga xhepi i tyre.<\/p>\n<p>Dokumentet e meposhtme tregojne gjithshka.<\/p>\n<p><img loading=\"lazy\" decoding=\"async\" class=\"alignnone size-medium wp-image-189326\" src=\"https:\/\/zjarr.tv\/wp-content\/uploads\/2021\/06\/201383214_350081553142775_3105612815110626212_n-160x300.jpg\" alt=\"\" width=\"160\" height=\"300\" srcset=\"https:\/\/zjarr.tv\/wp-content\/uploads\/2021\/06\/201383214_350081553142775_3105612815110626212_n-160x300.jpg 160w, https:\/\/zjarr.tv\/wp-content\/uploads\/2021\/06\/201383214_350081553142775_3105612815110626212_n-223x420.jpg 223w, https:\/\/zjarr.tv\/wp-content\/uploads\/2021\/06\/201383214_350081553142775_3105612815110626212_n.jpg 319w\" sizes=\"auto, (max-width: 160px) 100vw, 160px\" \/><\/p>","protected":false},"excerpt":{"rendered":"<p>Pas njoftimit t\u00eb Ministris\u00eb s\u00eb Sh\u00ebndet\u00ebsis\u00eb ku lajm\u00ebrohej se do t\u00eb nd\u00ebrpritej kontrata p\u00ebr 1 mij\u00eb mjek\u00eb specializant\u00eb t\u00eb cil\u00ebt ishin pun\u00ebsuar gjat\u00eb pandemis\u00eb, ka ardhur edhe reagimi nga n\u00ebnkryetari i L\u00ebvizjes Socialiste p\u00ebr Integrim, Petrit Vasili. N\u00eb nj\u00eb postim n\u00eb rrjetin e tij social \u2018facebook\u2019, Vasili ka shkruar se ky ishte nj\u00eb vendim arrogant [&hellip;]<\/p>\n","protected":false},"author":2031,"featured_media":157470,"comment_status":"closed","ping_status":"closed","sticky":false,"template":"","format":"standard","meta":{"footnotes":""},"categories":[231],"tags":[],"class_list":{"0":"post-189325","1":"post","2":"type-post","3":"status-publish","4":"format-standard","5":"has-post-thumbnail","7":"category-lajme"},"_links":{"self":[{"href":"https:\/\/zjarr.tv\/en\/wp-json\/wp\/v2\/posts\/189325","targetHints":{"allow":["GET"]}}],"collection":[{"href":"https:\/\/zjarr.tv\/en\/wp-json\/wp\/v2\/posts"}],"about":[{"href":"https:\/\/zjarr.tv\/en\/wp-json\/wp\/v2\/types\/post"}],"author":[{"embeddable":true,"href":"https:\/\/zjarr.tv\/en\/wp-json\/wp\/v2\/users\/2031"}],"replies":[{"embeddable":true,"href":"https:\/\/zjarr.tv\/en\/wp-json\/wp\/v2\/comments?post=189325"}],"version-history":[{"count":0,"href":"https:\/\/zjarr.tv\/en\/wp-json\/wp\/v2\/posts\/189325\/revisions"}],"wp:featuredmedia":[{"embeddable":true,"href":"https:\/\/zjarr.tv\/en\/wp-json\/wp\/v2\/media\/157470"}],"wp:attachment":[{"href":"https:\/\/zjarr.tv\/en\/wp-json\/wp\/v2\/media?parent=189325"}],"wp:term":[{"taxonomy":"category","embeddable":true,"href":"https:\/\/zjarr.tv\/en\/wp-json\/wp\/v2\/categories?post=189325"},{"taxonomy":"post_tag","embeddable":true,"href":"https:\/\/zjarr.tv\/en\/wp-json\/wp\/v2\/tags?post=189325"}],"curies":[{"name":"wp","href":"https:\/\/api.w.org\/{rel}","templated":true}]}}