{"id":189331,"date":"2021-06-18T19:11:59","date_gmt":"2021-06-18T17:11:59","guid":{"rendered":"https:\/\/zjarr.tv\/?p=189331"},"modified":"2021-06-18T19:11:59","modified_gmt":"2021-06-18T17:11:59","slug":"edi-rama-ne-france-kryeministri-shqiptar-i-ftuar-nderi-nga-instituti-francez-i-marredhenieve-nderkombetare-ne-dreka-debat","status":"publish","type":"post","link":"https:\/\/zjarr.tv\/en\/edi-rama-ne-france-kryeministri-shqiptar-i-ftuar-nderi-nga-instituti-francez-i-marredhenieve-nderkombetare-ne-dreka-debat\/","title":{"rendered":"Edi Rama n\u00eb Franc\u00eb, kryeministri shqiptar i ftuar nderi nga Instituti Francez i Marr\u00ebdh\u00ebnieve Nd\u00ebrkomb\u00ebtare n\u00eb \u201cDreka Debat\u201d"},"content":{"rendered":"<p style=\"background: white; margin: 0in 0in 19.5pt 0in;\">Kryeministrin Edi Rama ndodhet n\u00eb Franc\u00eb, ku do t\u00eb zhvilloj\u00eb takime me disa zyrtar\u00eb t\u00eb lart\u00eb t\u00eb shtetit francez, me synimin p\u00ebr t\u00eb marr\u00eb \u201cOK\u201d p\u00ebr hapjen e negociatave t\u00eb Shqip\u00ebris\u00eb me Bashkimin Eruopian.<br style=\"-webkit-tap-highlight-color: transparent !important; box-sizing: border-box;\" \/><br style=\"-webkit-tap-highlight-color: transparent !important; box-sizing: border-box;\" \/>Dit\u00ebn e sotme ai ka qen\u00eb i ftuar nderi nn\u00eb edicionine\u00a0 par\u00eb t\u00eb \u201cDreka Debat\u201d, e zhvilluar nga Instituti Francez i Marr\u00ebdh\u00ebnieve Nd\u00ebrkomb\u00ebtare.<br style=\"-webkit-tap-highlight-color: transparent !important; box-sizing: border-box;\" \/><br style=\"-webkit-tap-highlight-color: transparent !important; box-sizing: border-box;\" \/>\u201cParis \u2013 I ftuar i nderit n\u00eb edicionin e par\u00eb me prani fizike t\u00eb \u201cDrek\u00ebs Debat\u201d n\u00eb Institutin Francez t\u00eb Marr\u00ebdh\u00ebnieve Nd\u00ebrkomb\u00ebtare\u201d, shkruan Rama krah fotove t\u00eb publikuara.<br style=\"-webkit-tap-highlight-color: transparent !important; box-sizing: border-box;\" \/><br style=\"-webkit-tap-highlight-color: transparent !important; box-sizing: border-box;\" \/>Kujtojm\u00eb se dit\u00ebn e sotme \u00ebsht\u00eb zhvilluar \u00ebn Vjen\u00eb edhe Samiti i gjasht\u00eb vendeve t\u00eb Ballkanit Per\u00ebndimor, ku n\u00eb vend t\u00eb kryeministri Rama ishte ministrja e Energjitijk\u00ebs dhe Infrastruktur\u00ebs, Belinda Balluku.<\/p>","protected":false},"excerpt":{"rendered":"<p>Kryeministrin Edi Rama ndodhet n\u00eb Franc\u00eb, ku do t\u00eb zhvilloj\u00eb takime me disa zyrtar\u00eb t\u00eb lart\u00eb t\u00eb shtetit francez, me synimin p\u00ebr t\u00eb marr\u00eb \u201cOK\u201d p\u00ebr hapjen e negociatave t\u00eb Shqip\u00ebris\u00eb me Bashkimin Eruopian.Dit\u00ebn e sotme ai ka qen\u00eb i ftuar nderi nn\u00eb edicionine\u00a0 par\u00eb t\u00eb \u201cDreka Debat\u201d, e zhvilluar nga Instituti Francez i Marr\u00ebdh\u00ebnieve [&hellip;]<\/p>\n","protected":false},"author":2030,"featured_media":189332,"comment_status":"closed","ping_status":"closed","sticky":false,"template":"","format":"standard","meta":{"footnotes":""},"categories":[241,1454],"tags":[],"class_list":{"0":"post-189331","1":"post","2":"type-post","3":"status-publish","4":"format-standard","5":"has-post-thumbnail","7":"category-aktualitet","8":"category-politike"},"_links":{"self":[{"href":"https:\/\/zjarr.tv\/en\/wp-json\/wp\/v2\/posts\/189331","targetHints":{"allow":["GET"]}}],"collection":[{"href":"https:\/\/zjarr.tv\/en\/wp-json\/wp\/v2\/posts"}],"about":[{"href":"https:\/\/zjarr.tv\/en\/wp-json\/wp\/v2\/types\/post"}],"author":[{"embeddable":true,"href":"https:\/\/zjarr.tv\/en\/wp-json\/wp\/v2\/users\/2030"}],"replies":[{"embeddable":true,"href":"https:\/\/zjarr.tv\/en\/wp-json\/wp\/v2\/comments?post=189331"}],"version-history":[{"count":0,"href":"https:\/\/zjarr.tv\/en\/wp-json\/wp\/v2\/posts\/189331\/revisions"}],"wp:featuredmedia":[{"embeddable":true,"href":"https:\/\/zjarr.tv\/en\/wp-json\/wp\/v2\/media\/189332"}],"wp:attachment":[{"href":"https:\/\/zjarr.tv\/en\/wp-json\/wp\/v2\/media?parent=189331"}],"wp:term":[{"taxonomy":"category","embeddable":true,"href":"https:\/\/zjarr.tv\/en\/wp-json\/wp\/v2\/categories?post=189331"},{"taxonomy":"post_tag","embeddable":true,"href":"https:\/\/zjarr.tv\/en\/wp-json\/wp\/v2\/tags?post=189331"}],"curies":[{"name":"wp","href":"https:\/\/api.w.org\/{rel}","templated":true}]}}