{"id":189372,"date":"2021-06-19T09:43:36","date_gmt":"2021-06-19T07:43:36","guid":{"rendered":"https:\/\/zjarr.tv\/?p=189372"},"modified":"2021-06-19T09:43:36","modified_gmt":"2021-06-19T07:43:36","slug":"i-thashe-qe-se-dua-femijen-tone-dua-ta-lendoj-sa-me-shume-zbardhet-ditari-i-20-vjecares-caroline-e-kam-nga-hormonet","status":"publish","type":"post","link":"https:\/\/zjarr.tv\/en\/i-thashe-qe-se-dua-femijen-tone-dua-ta-lendoj-sa-me-shume-zbardhet-ditari-i-20-vjecares-caroline-e-kam-nga-hormonet\/","title":{"rendered":"I thash\u00eb q\u00eb s\u2019e dua f\u00ebmij\u00ebn ton\u00eb, dua ta l\u00ebndoj sa m\u00eb shum\u00eb, zbardhet ditari i 20-vje\u00e7ares Caroline: E kam nga hormonet\u2026"},"content":{"rendered":"<p>Nj\u00eb ngjarje e tmerrshme ajo e 11 Majit, ku vdiq n\u00eb sy t\u00eb foshnjes, 20-vje\u00e7arja Caroline Krautz. Ishte burri i saj Babis, i cili e mbyti me jastik dhe m\u00eb pas mbyti qenin q\u00eb ta b\u00ebnte m\u00eb t\u00eb besueshme. Dje 32-vje\u00e7ari pilot, e pranoi se \u00ebsht\u00eb ai autori i vep\u00ebrs s\u00eb r\u00ebnd\u00eb dhe tregoi detaje, nd\u00ebrsa mediat greke kan\u00eb zbuluar\u00a0pjes\u00eb nga ditari q\u00eb mbante Caroline. N\u00eb thelb, marr\u00ebdh\u00ebnia e tyre ishte shum\u00eb e tensionuar dhe me probleme t\u00eb vazhdueshme. 20-vje\u00e7arja duket se ka menduar t\u00eb largohej nga piloti q\u00eb nga Dhjetori i vitit 2019.<\/p>\n<p><strong>N\u00eb ditarin e saj, ajo m\u00eb 15 n\u00ebntor 2019 ka shkruar:<\/strong>\u00a0Un\u00eb jam 18-vje\u00e7 dhe do t\u00eb b\u00ebj nj\u00eb f\u00ebmij\u00eb! Babisit nuk i kam th\u00ebn\u00eb akoma. Sepse sot u grind\u00ebm dhe i thash\u00eb q\u00eb ta l\u00ebndoja nuk kam nevoj\u00eb t\u00eb shoh familjen e tij. U pendova p\u00ebr momentin kur e thash\u00eb. \u00a0N\u00eb thelb un\u00eb dua ta l\u00ebndoj sa m\u00eb shum\u00eb q\u00eb t\u00eb mundem. Ndihem shum\u00eb e l\u00ebnduar, shpesh nxjerr gjith\u00eb zem\u00ebrimin dhe trishtimin tek Babis. Ai nuk e meriton t\u00eb trajtohet k\u00ebshtu, por ndonj\u00ebher\u00eb nuk e kupton se \u00e7far\u00eb kam nevoj\u00eb dhe se gjith\u00e7ka q\u00eb m\u00eb duhet \u00ebsht\u00eb q\u00eb ai t\u00eb jet\u00eb pran\u00eb meje.<\/p>\n<p><strong>N\u00eb nj\u00eb sh\u00ebnim tjet\u00ebr, viktima thoshte:<\/strong>\u00a0Dje u grind\u00ebn me Babis p\u00ebr shkak t\u00eb hormoneve t\u00eb mia, un\u00eb shp\u00ebrtheva ndaj tij. I b\u00ebrtita, e godita dhe i thash\u00eb se nuk e dua f\u00ebmij\u00ebn ton\u00eb. Ne nuk kemi folur fare dje dhe sot u zgjuam mir\u00eb, h\u00ebngr\u00ebm, kaluam mir\u00eb, por pasdite m\u00eb pyeti p\u00ebr dje. Nuk jam mir\u00eb jam shum\u00eb e m\u00ebrzitur, padyshim q\u00eb nuk do ta l\u00ebndonte kurr\u00eb f\u00ebmij\u00ebn tim. Dashuria ime p\u00ebr k\u00ebt\u00eb \u00ebsht\u00eb m\u00eb shum\u00eb se \u00e7do gj\u00eb tjet\u00ebr n\u00eb bot\u00eb. Un\u00eb jam aq e ndikuar nga hormonet e mia saq\u00eb Babis duhet ta dij\u00eb. M\u00eb vjen turp t\u2019i them. E di q\u00eb ai do t\u00eb m\u00eb mb\u00ebshtes\u00eb, por nuk mund t\u2019i them. Un\u00eb nuk jam mir\u00eb, por jam duke u p\u00ebrpjekur p\u00ebr f\u00ebmij\u00ebn tim. Un\u00eb nuk dua q\u00eb ajo t\u00eb ndiej\u00eb se n\u00ebna e saj nuk e d\u00ebshiron at\u00eb dhe nuk e do. Problemet e mia hormonale jan\u00eb t\u00eb miat.<\/p>\n<p><strong>M\u00eb 30 dhjetor 2019, Caroline p\u00ebrshkruan nj\u00eb sken\u00eb tensioni me 32-vje\u00e7arin:<\/strong>\u00a0Sot u zura me Babis. Pak pasi h\u00ebngr\u00ebm m\u00ebngjesin (\u2026.) Un\u00eb e godita dhe shkova n\u00eb zyr\u00eb. Gjith\u00eb dit\u00ebn ai m\u00eb pyeti se \u00e7far\u00eb dua t\u00eb ha. Nuk kam ngr\u00ebn\u00eb asgj\u00eb. Jam shtrir\u00eb n\u00eb shtrat dhe nuk mund t\u00eb fle, kam nj\u00eb tension t\u00eb tmerrsh\u00ebm. Kam dal\u00eb n\u00eb ballkon vet\u00ebm me bluz\u00ebn time dhe kam qar\u00eb se nuk jam mir\u00eb.<\/p>\n<p><strong>N\u00eb nj\u00eb sh\u00ebnim tjet\u00ebr t\u00eb dat\u00ebs 31.12.19 ajo shkruan:<\/strong>\u00a0U zura p\u00ebrs\u00ebri me Babis. K\u00ebt\u00eb her\u00eb shum\u00eb. E godita, e mallkova dhe ai theu der\u00ebn. E t\u00ebra q\u00eb doja t\u00eb b\u00ebja ishte ta pyesja n\u00ebse isha mir\u00eb kur u zgjova. U zgjova aq e dob\u00ebt dhe e lodhur. Po mendoj te iki. P\u00ebr t\u00eb shkuar te motra ime, nuk e di n\u00ebse mund t\u00eb vazhdoj me Babis.<\/p>\n<p><strong>M\u00eb 3 korrik 2020:<\/strong>\u00a0Sot e vogla ime \u00ebsht\u00eb nj\u00eb muajshe dhe sot \u00ebsht\u00eb dita kur i thash\u00eb Babis se dua t\u00eb largohem nga sht\u00ebpia. Fillova t\u00eb k\u00ebrkoj sht\u00ebpi. Gjeta pik\u00ebrisht at\u00eb q\u00eb k\u00ebrkoja n\u00eb Chalandri. Kur u kthye nga spitali (foshnja po trajtohej n\u00eb at\u00eb koh\u00eb) ai m\u00eb pyeti n\u00ebse doja t\u00eb ndahesha. Un\u00eb nuk iu p\u00ebrgjigja. Pas disa t\u00eb qarash dhe z\u00ebrash un\u00eb i thash\u00eb atij se po mendoja para se t\u00eb mbetesha shtatz\u00ebn\u00eb ta lija, por pastaj mbeta shtatz\u00ebn\u00eb, k\u00ebshtu q\u00eb q\u00ebndrova me t\u00eb n\u00eb m\u00ebnyr\u00eb q\u00eb vajza ime t\u00eb mos rritet pa dy prind\u00ebrit e tij.<\/p>\n<p>Sh\u00ebnimet e m\u00ebsip\u00ebrme t\u00eb Caroline jan\u00eb e dosjen e \u00e7\u00ebshtjes me 26 faqe. Sipas dokumentit, piloti 32-vje\u00e7ar i tha policis\u00eb se kishte tension midis tyre dhe se ajo gati sa nuk e goditi foshnj\u00ebn.<\/p>\n<p>&nbsp;<\/p>","protected":false},"excerpt":{"rendered":"<p>Nj\u00eb ngjarje e tmerrshme ajo e 11 Majit, ku vdiq n\u00eb sy t\u00eb foshnjes, 20-vje\u00e7arja Caroline Krautz. Ishte burri i saj Babis, i cili e mbyti me jastik dhe m\u00eb pas mbyti qenin q\u00eb ta b\u00ebnte m\u00eb t\u00eb besueshme. Dje 32-vje\u00e7ari pilot, e pranoi se \u00ebsht\u00eb ai autori i vep\u00ebrs s\u00eb r\u00ebnd\u00eb dhe tregoi detaje, [&hellip;]<\/p>\n","protected":false},"author":2016,"featured_media":189374,"comment_status":"closed","ping_status":"closed","sticky":false,"template":"","format":"standard","meta":{"footnotes":""},"categories":[2],"tags":[3894],"class_list":{"0":"post-189372","1":"post","2":"type-post","3":"status-publish","4":"format-standard","5":"has-post-thumbnail","7":"category-rajoni","8":"tag-lajme-zjarr-i-thashe-qe-se-dua-femijen-tone-zjarr-tv"},"_links":{"self":[{"href":"https:\/\/zjarr.tv\/en\/wp-json\/wp\/v2\/posts\/189372","targetHints":{"allow":["GET"]}}],"collection":[{"href":"https:\/\/zjarr.tv\/en\/wp-json\/wp\/v2\/posts"}],"about":[{"href":"https:\/\/zjarr.tv\/en\/wp-json\/wp\/v2\/types\/post"}],"author":[{"embeddable":true,"href":"https:\/\/zjarr.tv\/en\/wp-json\/wp\/v2\/users\/2016"}],"replies":[{"embeddable":true,"href":"https:\/\/zjarr.tv\/en\/wp-json\/wp\/v2\/comments?post=189372"}],"version-history":[{"count":0,"href":"https:\/\/zjarr.tv\/en\/wp-json\/wp\/v2\/posts\/189372\/revisions"}],"wp:featuredmedia":[{"embeddable":true,"href":"https:\/\/zjarr.tv\/en\/wp-json\/wp\/v2\/media\/189374"}],"wp:attachment":[{"href":"https:\/\/zjarr.tv\/en\/wp-json\/wp\/v2\/media?parent=189372"}],"wp:term":[{"taxonomy":"category","embeddable":true,"href":"https:\/\/zjarr.tv\/en\/wp-json\/wp\/v2\/categories?post=189372"},{"taxonomy":"post_tag","embeddable":true,"href":"https:\/\/zjarr.tv\/en\/wp-json\/wp\/v2\/tags?post=189372"}],"curies":[{"name":"wp","href":"https:\/\/api.w.org\/{rel}","templated":true}]}}