{"id":190486,"date":"2021-06-25T12:10:08","date_gmt":"2021-06-25T10:10:08","guid":{"rendered":"https:\/\/zjarr.tv\/?p=190486"},"modified":"2021-06-25T12:10:08","modified_gmt":"2021-06-25T10:10:08","slug":"kushtetuesja-shtyu-dhenien-e-vendimit-avokatja-thirrje-yuri-kim-nderhy-per-teatrin-kombetar-mos-u-merr-me-vogelsira","status":"publish","type":"post","link":"https:\/\/zjarr.tv\/en\/kushtetuesja-shtyu-dhenien-e-vendimit-avokatja-thirrje-yuri-kim-nderhy-per-teatrin-kombetar-mos-u-merr-me-vogelsira\/","title":{"rendered":"Kushtetuesja shtyu dh\u00ebnien e vendimit, avokatja thirrje Yuri Kim: Nd\u00ebrhy p\u00ebr Teatrin Komb\u00ebtar, mos u merr me vog\u00eblsira"},"content":{"rendered":"<p>Dit\u00ebn e djeshme n\u00eb parlament u miratua buxheti shtes\u00eb, pjes\u00eb e t\u00eb cilit \u00ebsht\u00eb edhe fondi p\u00ebr nd\u00ebrtimin e Teatrit t\u00eb Ri.<\/p>\n<p>Nd\u00ebrsa sot Aleanca p\u00ebr Mbrojtjen e Teatrit jasht\u00eb ambienteve t\u00eb Gjykat\u00ebs e cil\u00ebson k\u00ebt\u00eb akt n\u00eb kund\u00ebrshtim me Kushtetut\u00ebn.<\/p>\n<p>Avokatja Adriana Kalaja, n\u00eb nj\u00eb deklarat\u00eb p\u00ebr mediat, \u00ebsht\u00eb shprehur se miratimi i k\u00ebtij akti normativ \u00ebsht\u00eb n\u00eb kund\u00ebrshtim dhe n\u00eb shkelje me Kushtetut\u00ebn.<\/p>\n<p>Nd\u00ebr t\u00eb tjera, ajo i ka b\u00ebr\u00eb thirrje ambasador\u00ebve, n\u00eb ve\u00e7anti ambasadores Yuri Kim q\u00eb t\u00eb dal\u00eb dhe t\u00eb pronocohet n\u00eb lidhje me nd\u00ebrtimin e Teatrit t\u00eb ri.<\/p>\n<p>\u201cM\u00eb dat\u00eb 22 qershor, sipas nj\u00eb akti normativ K\u00ebshilli i Ministrave, bazuar n\u00eb propozimin e b\u00ebr\u00eb nga ministria e Financave ka miratuar fondin shtes\u00eb n\u00eb buxhetin e shtetit dhe nj\u00eb pjes\u00eb e mir\u00eb e k\u00ebsaj shtese \u00ebsht\u00eb dhe fondi q\u00eb do kaloj\u00eb p\u00ebr nd\u00ebrtimin e Teatrit t\u00ebri, pra n\u00eb favor t\u00eb bashkis\u00eb.<\/p>\n<p>Ne t\u00eb gjith\u00eb jemi n\u00eb dijeni se ku ndodhet \u00e7\u00ebshtja e Teatrit dhe t\u00eb gjith\u00eb jemi n\u00eb dijeni t\u00eb faktit se t\u00eb gjith\u00eb veprimet e institucioneve p\u00ebrgjegj\u00ebse p\u00ebr shembjen e Teatrit kan\u00eb shkuar n\u00eb SPAK dhe n\u00eb Gjykat\u00ebn kushtetuese.<\/p>\n<p>Jan\u00eb t\u00eb nj\u00ebjtaj institucione t\u00eb cilat n\u00eb m\u00ebnyr\u00eb konseguente kan\u00eb shkelur ligjin, kan\u00eb shkelur Kushtetut\u00ebn. 6 dit\u00eb pas vendimit t\u00eb Kushtetuese m\u00eb 16 qershor, K\u00ebshilli i Ministrave, ministria e Financave, bashkia e Tiran\u00ebs dhe Kuvendi nuk kan\u00eb respekt, nuk konsiderojn\u00eb fare Gjykat\u00ebn Kushtetuese, nuk kan\u00eb konsiderat\u00eb p\u00ebr vendimmarrjen e k\u00ebsaj Gjykate.<\/p>\n<p>Duke injoruar vendimin e Gjykat\u00ebs Kushtetuese, nxjerrin nj\u00eb akt i cili po k\u00ebshtu n\u00eb kund\u00ebrshtim me ligjin dhe Kushtetut\u00ebn ka hyr\u00eb n\u00eb fuqi menj\u00ebher\u00eb.<\/p>\n<p>Ne i k\u00ebrkojm\u00eb Gjykat\u00ebs Kushtetuese q\u00eb t\u00eb p\u00ebrshpejtoj\u00eb n\u00eb dh\u00ebnien evendimit, sepse ky akt normativ mund t\u00eb agravoj\u00eb m\u00eb tep\u00ebr n\u00eb prodhimin e akteve ligjore q\u00eb kan\u00eb karakter t\u00eb d\u00ebmsh\u00ebm n\u00eb interes t\u00eb publikut. Do t\u2019i b\u00ebja nj\u00ebk\u00ebrkes\u00eb ambasador\u00ebve, sidomos ambasadores Kim e cila ka ndikuar shum\u00eb edhe n\u00eb ngritjen e GJ.K. \u00ebsht\u00eb momenti q\u00eb ambasadorja duhet t\u00eb dal\u00eb, t\u00eb prononcohet dhe t\u00eb b\u00ebj\u00eb nj\u00eb presion institucioneve p\u00ebrgjegj\u00ebse t\u00eb cilat duhet t\u00eb presin zbardhjen e vendimit nga GJ.K. Mos t\u00eb merret me mediat dhe me vog\u00eblsira por t\u00eb dal\u00eb dhe t\u00eb merret me k\u00ebt\u00eb akt kriminal\u201d, tha ajo.<\/p>\n<p>&nbsp;<\/p>","protected":false},"excerpt":{"rendered":"<p>Dit\u00ebn e djeshme n\u00eb parlament u miratua buxheti shtes\u00eb, pjes\u00eb e t\u00eb cilit \u00ebsht\u00eb edhe fondi p\u00ebr nd\u00ebrtimin e Teatrit t\u00eb Ri. Nd\u00ebrsa sot Aleanca p\u00ebr Mbrojtjen e Teatrit jasht\u00eb ambienteve t\u00eb Gjykat\u00ebs e cil\u00ebson k\u00ebt\u00eb akt n\u00eb kund\u00ebrshtim me Kushtetut\u00ebn. Avokatja Adriana Kalaja, n\u00eb nj\u00eb deklarat\u00eb p\u00ebr mediat, \u00ebsht\u00eb shprehur se miratimi i k\u00ebtij [&hellip;]<\/p>\n","protected":false},"author":2030,"featured_media":126096,"comment_status":"closed","ping_status":"closed","sticky":false,"template":"","format":"standard","meta":{"footnotes":""},"categories":[241],"tags":[],"class_list":{"0":"post-190486","1":"post","2":"type-post","3":"status-publish","4":"format-standard","5":"has-post-thumbnail","7":"category-aktualitet"},"_links":{"self":[{"href":"https:\/\/zjarr.tv\/en\/wp-json\/wp\/v2\/posts\/190486","targetHints":{"allow":["GET"]}}],"collection":[{"href":"https:\/\/zjarr.tv\/en\/wp-json\/wp\/v2\/posts"}],"about":[{"href":"https:\/\/zjarr.tv\/en\/wp-json\/wp\/v2\/types\/post"}],"author":[{"embeddable":true,"href":"https:\/\/zjarr.tv\/en\/wp-json\/wp\/v2\/users\/2030"}],"replies":[{"embeddable":true,"href":"https:\/\/zjarr.tv\/en\/wp-json\/wp\/v2\/comments?post=190486"}],"version-history":[{"count":0,"href":"https:\/\/zjarr.tv\/en\/wp-json\/wp\/v2\/posts\/190486\/revisions"}],"wp:featuredmedia":[{"embeddable":true,"href":"https:\/\/zjarr.tv\/en\/wp-json\/wp\/v2\/media\/126096"}],"wp:attachment":[{"href":"https:\/\/zjarr.tv\/en\/wp-json\/wp\/v2\/media?parent=190486"}],"wp:term":[{"taxonomy":"category","embeddable":true,"href":"https:\/\/zjarr.tv\/en\/wp-json\/wp\/v2\/categories?post=190486"},{"taxonomy":"post_tag","embeddable":true,"href":"https:\/\/zjarr.tv\/en\/wp-json\/wp\/v2\/tags?post=190486"}],"curies":[{"name":"wp","href":"https:\/\/api.w.org\/{rel}","templated":true}]}}