{"id":190898,"date":"2021-06-27T19:20:15","date_gmt":"2021-06-27T17:20:15","guid":{"rendered":"https:\/\/zjarr.tv\/?p=190898"},"modified":"2021-06-27T19:24:27","modified_gmt":"2021-06-27T17:24:27","slug":"pushuesit-kthehen-nga-plazhi-radhe-te-gjata-trafiku-ne-vlore","status":"publish","type":"post","link":"https:\/\/zjarr.tv\/en\/pushuesit-kthehen-nga-plazhi-radhe-te-gjata-trafiku-ne-vlore\/","title":{"rendered":"Pushuesit kthehen nga plazhi, radh\u00eb t\u00eb gjata trafiku n\u00eb Vlor\u00eb"},"content":{"rendered":"<p>Mij\u00ebra pushues k\u00ebt\u00eb fundjav\u00eb t\u00eb nxeht\u00eb qershori kan\u00eb zgjedhur q\u00eb ta kalojn\u00eb n\u00eb bregdetin e Vlor\u00ebs. Pushuesit kan\u00eb qen\u00eb t\u00eb shumt\u00eb edhe nga qytetet t\u00eb ndryshme t\u00eb vendit t\u00eb cil\u00ebt pasi kan\u00eb kaluar fundjav\u00ebn n\u00eb Vlor\u00eb, po kthehen n\u00eb banesat e tyre.<\/p>\n<p>Kjo ka sjell\u00eb radh\u00eb t\u00eb gjata trafiku gjat\u00eb vij\u00ebs bregdetare t\u00eb Vlor\u00ebs. Policia \u00ebsht\u00eb angazhuar n\u00eb rrug\u00ebt e qytetit, por megjithat\u00eb trafiku nuk \u00ebsht\u00eb shmangur p\u00ebr shkak t\u00eb numrit t\u00eb lart\u00eb t\u00eb automjeteve<\/p>","protected":false},"excerpt":{"rendered":"<p>Mij\u00ebra pushues k\u00ebt\u00eb fundjav\u00eb t\u00eb nxeht\u00eb qershori kan\u00eb zgjedhur q\u00eb ta kalojn\u00eb n\u00eb bregdetin e Vlor\u00ebs. Pushuesit kan\u00eb qen\u00eb t\u00eb shumt\u00eb edhe nga qytetet t\u00eb ndryshme t\u00eb vendit t\u00eb cil\u00ebt pasi kan\u00eb kaluar fundjav\u00ebn n\u00eb Vlor\u00eb, po kthehen n\u00eb banesat e tyre. Kjo ka sjell\u00eb radh\u00eb t\u00eb gjata trafiku gjat\u00eb vij\u00ebs bregdetare t\u00eb Vlor\u00ebs. Policia [&hellip;]<\/p>\n","protected":false},"author":2031,"featured_media":189632,"comment_status":"closed","ping_status":"closed","sticky":false,"template":"","format":"standard","meta":{"footnotes":""},"categories":[231],"tags":[],"class_list":{"0":"post-190898","1":"post","2":"type-post","3":"status-publish","4":"format-standard","5":"has-post-thumbnail","7":"category-lajme"},"_links":{"self":[{"href":"https:\/\/zjarr.tv\/en\/wp-json\/wp\/v2\/posts\/190898","targetHints":{"allow":["GET"]}}],"collection":[{"href":"https:\/\/zjarr.tv\/en\/wp-json\/wp\/v2\/posts"}],"about":[{"href":"https:\/\/zjarr.tv\/en\/wp-json\/wp\/v2\/types\/post"}],"author":[{"embeddable":true,"href":"https:\/\/zjarr.tv\/en\/wp-json\/wp\/v2\/users\/2031"}],"replies":[{"embeddable":true,"href":"https:\/\/zjarr.tv\/en\/wp-json\/wp\/v2\/comments?post=190898"}],"version-history":[{"count":0,"href":"https:\/\/zjarr.tv\/en\/wp-json\/wp\/v2\/posts\/190898\/revisions"}],"wp:featuredmedia":[{"embeddable":true,"href":"https:\/\/zjarr.tv\/en\/wp-json\/wp\/v2\/media\/189632"}],"wp:attachment":[{"href":"https:\/\/zjarr.tv\/en\/wp-json\/wp\/v2\/media?parent=190898"}],"wp:term":[{"taxonomy":"category","embeddable":true,"href":"https:\/\/zjarr.tv\/en\/wp-json\/wp\/v2\/categories?post=190898"},{"taxonomy":"post_tag","embeddable":true,"href":"https:\/\/zjarr.tv\/en\/wp-json\/wp\/v2\/tags?post=190898"}],"curies":[{"name":"wp","href":"https:\/\/api.w.org\/{rel}","templated":true}]}}