{"id":191569,"date":"2021-07-02T17:25:45","date_gmt":"2021-07-02T15:25:45","guid":{"rendered":"https:\/\/zjarr.tv\/?p=191569"},"modified":"2021-07-02T17:25:45","modified_gmt":"2021-07-02T15:25:45","slug":"horra-uluni-ne-gjunje-dhe-kerkoni-falje-reagimi-i-forte-i-neritan-licaj-pas-vendimit-te-kushtetueses-per-teatrin","status":"publish","type":"post","link":"https:\/\/zjarr.tv\/en\/horra-uluni-ne-gjunje-dhe-kerkoni-falje-reagimi-i-forte-i-neritan-licaj-pas-vendimit-te-kushtetueses-per-teatrin\/","title":{"rendered":"\u201cHorra, uluni n\u00eb gjunj\u00eb dhe k\u00ebrkoni falje\u201d, reagimi i fort\u00eb i Neritan Li\u00e7aj pas vendimit t\u00eb Kushtetueses p\u00ebr Teatrin"},"content":{"rendered":"<p>\u201cHorra, uluni n\u00eb gjunj\u00eb dhe k\u00ebrkoni falje\u201d, reagimi i fort\u00eb i Neritan Li\u00e7aj pas vendimit t\u00eb Kushtetueses p\u00ebr Teatrin<br \/>\nAktori Neritan Li\u00e7aj, nj\u00eb nga q\u00ebndrestar\u00ebt e kauz\u00ebs s\u00eb teatrit, ka reaguar p\u00ebrmes nj\u00eb postimi n\u00eb \u2018Facebook\u2019, pas dh\u00ebnies s\u00eb vendimit t\u00eb Gjykat\u00ebs Kushtetuese p\u00ebr \u00e7\u00ebshtjen e Teatrit Komb\u00ebtar.<\/p>\n<p>Postimi i plot\u00eb:<br \/>\n\u201cKam aq shume per te them dhe shkruar sa do te duheshin tre dite e me tep\u00ebr\u2026po them vet\u00ebm horra uluni ne gjunje dhe k\u00ebrkoni falje.<\/p>","protected":false},"excerpt":{"rendered":"<p>\u201cHorra, uluni n\u00eb gjunj\u00eb dhe k\u00ebrkoni falje\u201d, reagimi i fort\u00eb i Neritan Li\u00e7aj pas vendimit t\u00eb Kushtetueses p\u00ebr Teatrin Aktori Neritan Li\u00e7aj, nj\u00eb nga q\u00ebndrestar\u00ebt e kauz\u00ebs s\u00eb teatrit, ka reaguar p\u00ebrmes nj\u00eb postimi n\u00eb \u2018Facebook\u2019, pas dh\u00ebnies s\u00eb vendimit t\u00eb Gjykat\u00ebs Kushtetuese p\u00ebr \u00e7\u00ebshtjen e Teatrit Komb\u00ebtar. Postimi i plot\u00eb: \u201cKam aq shume per [&hellip;]<\/p>\n","protected":false},"author":2031,"featured_media":191571,"comment_status":"closed","ping_status":"closed","sticky":false,"template":"","format":"standard","meta":{"footnotes":""},"categories":[231],"tags":[312,2492,4143,458],"class_list":{"0":"post-191569","1":"post","2":"type-post","3":"status-publish","4":"format-standard","5":"has-post-thumbnail","7":"category-lajme","8":"tag-lajme","9":"tag-neritan-licaj","10":"tag-shembja-e-teatrit","11":"tag-zjarrtv"},"_links":{"self":[{"href":"https:\/\/zjarr.tv\/en\/wp-json\/wp\/v2\/posts\/191569","targetHints":{"allow":["GET"]}}],"collection":[{"href":"https:\/\/zjarr.tv\/en\/wp-json\/wp\/v2\/posts"}],"about":[{"href":"https:\/\/zjarr.tv\/en\/wp-json\/wp\/v2\/types\/post"}],"author":[{"embeddable":true,"href":"https:\/\/zjarr.tv\/en\/wp-json\/wp\/v2\/users\/2031"}],"replies":[{"embeddable":true,"href":"https:\/\/zjarr.tv\/en\/wp-json\/wp\/v2\/comments?post=191569"}],"version-history":[{"count":0,"href":"https:\/\/zjarr.tv\/en\/wp-json\/wp\/v2\/posts\/191569\/revisions"}],"wp:featuredmedia":[{"embeddable":true,"href":"https:\/\/zjarr.tv\/en\/wp-json\/wp\/v2\/media\/191571"}],"wp:attachment":[{"href":"https:\/\/zjarr.tv\/en\/wp-json\/wp\/v2\/media?parent=191569"}],"wp:term":[{"taxonomy":"category","embeddable":true,"href":"https:\/\/zjarr.tv\/en\/wp-json\/wp\/v2\/categories?post=191569"},{"taxonomy":"post_tag","embeddable":true,"href":"https:\/\/zjarr.tv\/en\/wp-json\/wp\/v2\/tags?post=191569"}],"curies":[{"name":"wp","href":"https:\/\/api.w.org\/{rel}","templated":true}]}}