{"id":192096,"date":"2021-07-06T07:43:21","date_gmt":"2021-07-06T05:43:21","guid":{"rendered":"https:\/\/zjarr.tv\/?p=192096"},"modified":"2021-07-06T07:43:21","modified_gmt":"2021-07-06T05:43:21","slug":"rudina-hajdari-takon-schwarzenegger-ne-vjene-nuk-ka-nevoje-per-prezantim","status":"publish","type":"post","link":"https:\/\/zjarr.tv\/en\/rudina-hajdari-takon-schwarzenegger-ne-vjene-nuk-ka-nevoje-per-prezantim\/","title":{"rendered":"Rudina Hajdari takon Schwarzenegger n\u00eb Vjen\u00eb: Nuk ka nevoj\u00eb p\u00ebr prezantim\u2026"},"content":{"rendered":"<p style=\"margin-top: 0in; background: white;\"><span style=\"color: #212529;\">Dit\u00ebn e djeshme, Rudina Hajdari ishte n\u00eb Vjen\u00eb, ku po merr pjes\u00eb n\u00eb drek\u00ebn e organizuar nga Delegacioni i Kongresit Amerikan n\u00eb Vjen\u00eb, n\u00eb kuad\u00ebr t\u00eb Asambles\u00eb Parlamentare t\u00eb OSBE-s\u00eb.<\/span><\/p>\n<p style=\"margin-top: 0in; background: white; box-sizing: border-box; margin-bottom: 1rem; font-variant-ligatures: normal; font-variant-caps: normal; orphans: 2; widows: 2; -webkit-text-stroke-width: 0px; text-decoration-thickness: initial; text-decoration-style: initial; text-decoration-color: initial; word-spacing: 0px;\"><span style=\"color: #212529;\">N\u00eb k\u00ebt\u00eb event, si duket Hajdari ka takuar edhe aktorin e njohur\u00a0 austro-amerikan Arnold Schwarzenegger.<\/span><\/p>\n<p style=\"margin-top: 0in; background: white; box-sizing: border-box; margin-bottom: 1rem; font-variant-ligatures: normal; font-variant-caps: normal; orphans: 2; widows: 2; -webkit-text-stroke-width: 0px; text-decoration-thickness: initial; text-decoration-style: initial; text-decoration-color: initial; word-spacing: 0px;\"><span style=\"color: #212529;\">Deputetja ka postuar n\u00eb llogarin\u00eb e saj n\u00eb Instagram dy foto me aktorin, nd\u00ebrsa shkruan se ai \u201cnuk ka nevoj\u00eb p\u00ebr prezantim. <\/span><span style=\"color: #212529;\">Po ashtu n\u00eb Vjen\u00eb, ajo \u00ebsht\u00eb takuar edhe me senatorin Ben Cardin dhe Senatorin Roger Wicker, me t\u00eb cil\u00ebt thot\u00eb se diskutuan rreth Ballkanit ve\u00e7an\u00ebrisht rreth Kosov\u00ebs dhe Shqip\u00ebris\u00eb.<\/span><\/p>\n<p style=\"margin-top: 0in; background: white; box-sizing: border-box; margin-bottom: 1rem; font-variant-ligatures: normal; font-variant-caps: normal; orphans: 2; widows: 2; -webkit-text-stroke-width: 0px; text-decoration-thickness: initial; text-decoration-style: initial; text-decoration-color: initial; word-spacing: 0px;\"><em style=\"box-sizing: border-box;\"><span style=\"color: #212529;\">\u201cLufta kund\u00ebr korrupsionit ishte kryefjala e t\u00eb gjith\u00ebve bisedave si m\u00ebnyra m\u00eb e mir\u00eb p\u00ebr fuqizuar institucionet dhe qytetar\u00ebt tan\u00eb,\u201d<\/span><\/em><span style=\"color: #212529;\">\u00a0shkruan Rudina Hajdari.abcnews.al<\/span><\/p>","protected":false},"excerpt":{"rendered":"<p>Dit\u00ebn e djeshme, Rudina Hajdari ishte n\u00eb Vjen\u00eb, ku po merr pjes\u00eb n\u00eb drek\u00ebn e organizuar nga Delegacioni i Kongresit Amerikan n\u00eb Vjen\u00eb, n\u00eb kuad\u00ebr t\u00eb Asambles\u00eb Parlamentare t\u00eb OSBE-s\u00eb. N\u00eb k\u00ebt\u00eb event, si duket Hajdari ka takuar edhe aktorin e njohur\u00a0 austro-amerikan Arnold Schwarzenegger. Deputetja ka postuar n\u00eb llogarin\u00eb e saj n\u00eb Instagram dy [&hellip;]<\/p>\n","protected":false},"author":2016,"featured_media":192098,"comment_status":"closed","ping_status":"closed","sticky":false,"template":"","format":"standard","meta":{"footnotes":""},"categories":[241],"tags":[4170],"class_list":{"0":"post-192096","1":"post","2":"type-post","3":"status-publish","4":"format-standard","5":"has-post-thumbnail","7":"category-aktualitet","8":"tag-lajme-zjarr-rudina-hajdari-takon-schwarzenegger-zjarr-tv"},"_links":{"self":[{"href":"https:\/\/zjarr.tv\/en\/wp-json\/wp\/v2\/posts\/192096","targetHints":{"allow":["GET"]}}],"collection":[{"href":"https:\/\/zjarr.tv\/en\/wp-json\/wp\/v2\/posts"}],"about":[{"href":"https:\/\/zjarr.tv\/en\/wp-json\/wp\/v2\/types\/post"}],"author":[{"embeddable":true,"href":"https:\/\/zjarr.tv\/en\/wp-json\/wp\/v2\/users\/2016"}],"replies":[{"embeddable":true,"href":"https:\/\/zjarr.tv\/en\/wp-json\/wp\/v2\/comments?post=192096"}],"version-history":[{"count":0,"href":"https:\/\/zjarr.tv\/en\/wp-json\/wp\/v2\/posts\/192096\/revisions"}],"wp:featuredmedia":[{"embeddable":true,"href":"https:\/\/zjarr.tv\/en\/wp-json\/wp\/v2\/media\/192098"}],"wp:attachment":[{"href":"https:\/\/zjarr.tv\/en\/wp-json\/wp\/v2\/media?parent=192096"}],"wp:term":[{"taxonomy":"category","embeddable":true,"href":"https:\/\/zjarr.tv\/en\/wp-json\/wp\/v2\/categories?post=192096"},{"taxonomy":"post_tag","embeddable":true,"href":"https:\/\/zjarr.tv\/en\/wp-json\/wp\/v2\/tags?post=192096"}],"curies":[{"name":"wp","href":"https:\/\/api.w.org\/{rel}","templated":true}]}}