{"id":192100,"date":"2021-07-06T08:00:49","date_gmt":"2021-07-06T06:00:49","guid":{"rendered":"https:\/\/zjarr.tv\/?p=192100"},"modified":"2021-07-06T08:00:49","modified_gmt":"2021-07-06T06:00:49","slug":"revoltohet-keq-erjon-brace-me-idiotet-ne-rruge-jane-ata-me-targe-007-me-idiotet-ne-fb-dhe-instagram-jane-ato-me","status":"publish","type":"post","link":"https:\/\/zjarr.tv\/en\/revoltohet-keq-erjon-brace-me-idiotet-ne-rruge-jane-ata-me-targe-007-me-idiotet-ne-fb-dhe-instagram-jane-ato-me\/","title":{"rendered":"Revoltohet keq Erjon Bra\u00e7e: M\u00eb idiot\u00ebt n\u00eb rrug\u00eb jan\u00eb ata me targ\u00eb 007, m\u00eb idiot\u00ebt n\u00eb FB dhe Instagram jan\u00eb ato me\u2026"},"content":{"rendered":"<p>Me k\u00eb e ka z\u00ebvend\u00ebs-kryeministri?<\/p>\n<p>Mund ta ket\u00eb stresuar dikush apo \u00ebsht\u00eb di\u00e7ka e grumbulluar nga eksperienca e tij personale, si n\u00eb rrug\u00eb ashtu edhe n\u00eb rrjete sociale. N\u00eb nj\u00eb postim n\u00eb Twitter, Bra\u00e7e nuk nguron t\u00eb ofendoj\u00eb dhe t\u00eb p\u00ebrgjith\u00ebsoj\u00eb t\u00eb gjith\u00eb ata q\u00eb drejtojn\u00eb nj\u00eb mjet me targ\u00eb 007, nd\u00ebrsa p\u00ebr sa i takon rrjeteve sociale e ka inatin me ata q\u00eb kan\u00eb adresa false, duke mos pasur asnj\u00eb postim n\u00eb llogarin\u00eb e tyre. Me siguri \u00ebsht\u00eb m\u00ebrzitur nga \u201cbosat\u201d e rrug\u00ebs me makina t\u00eb shtrenjta e me targa \u201ct\u00eb koduara\u201d q\u00eb ecin ngadal\u00eb e d\u00ebgjojn\u00eb muzik\u00eb. E sigurisht ata q\u00eb quhen \u201cfantazmat\u201d e rrjeteve sociale me adresa false, e q\u00eb nuk ngurojn\u00eb t\u00eb komentojn\u00eb, t\u00eb fyejn\u00eb apo t\u00eb shantazhojn\u00eb k\u00ebdo q\u00eb nuk e kan\u00eb qejf.<\/p>\n<p><strong>Sh\u00ebnimi i Erion Bra\u00e7es<\/strong><\/p>\n<p>Nder me idiotet ne rruge\/trafik jane ata me targen 007! Nder me idiotet ne rrjet\/trafik, instagram, twitter e posacerisht ne facebook, jane ata pa asnje postim ne profilet e tyre, por kane flamuj te dynjase ama!<\/p>\n<p><em> NDER ME IDIOTET NE RRUGE\/TRAFIK<br \/>\nJANE ATA ME TARGEN 007!<\/em><\/p>\n<p>NDER ME IDIOTET NE RRJET\/TRAFIK, INSTAGRAM, TWITTER E POSACERISHT NE FACEBOOK, JANE ATA PA ASNJE POSTIM NE PROFILET E TYRE, POR KANE FLAMUJ TE DYNJASE AMA!<\/p>","protected":false},"excerpt":{"rendered":"<p>Me k\u00eb e ka z\u00ebvend\u00ebs-kryeministri? Mund ta ket\u00eb stresuar dikush apo \u00ebsht\u00eb di\u00e7ka e grumbulluar nga eksperienca e tij personale, si n\u00eb rrug\u00eb ashtu edhe n\u00eb rrjete sociale. N\u00eb nj\u00eb postim n\u00eb Twitter, Bra\u00e7e nuk nguron t\u00eb ofendoj\u00eb dhe t\u00eb p\u00ebrgjith\u00ebsoj\u00eb t\u00eb gjith\u00eb ata q\u00eb drejtojn\u00eb nj\u00eb mjet me targ\u00eb 007, nd\u00ebrsa p\u00ebr sa i [&hellip;]<\/p>\n","protected":false},"author":2016,"featured_media":192103,"comment_status":"closed","ping_status":"closed","sticky":false,"template":"","format":"standard","meta":{"footnotes":""},"categories":[241],"tags":[4171],"class_list":{"0":"post-192100","1":"post","2":"type-post","3":"status-publish","4":"format-standard","5":"has-post-thumbnail","7":"category-aktualitet","8":"tag-lajme-zjarr-revoltohet-keq-erjon-brace-zjarr-tv"},"_links":{"self":[{"href":"https:\/\/zjarr.tv\/en\/wp-json\/wp\/v2\/posts\/192100","targetHints":{"allow":["GET"]}}],"collection":[{"href":"https:\/\/zjarr.tv\/en\/wp-json\/wp\/v2\/posts"}],"about":[{"href":"https:\/\/zjarr.tv\/en\/wp-json\/wp\/v2\/types\/post"}],"author":[{"embeddable":true,"href":"https:\/\/zjarr.tv\/en\/wp-json\/wp\/v2\/users\/2016"}],"replies":[{"embeddable":true,"href":"https:\/\/zjarr.tv\/en\/wp-json\/wp\/v2\/comments?post=192100"}],"version-history":[{"count":0,"href":"https:\/\/zjarr.tv\/en\/wp-json\/wp\/v2\/posts\/192100\/revisions"}],"wp:featuredmedia":[{"embeddable":true,"href":"https:\/\/zjarr.tv\/en\/wp-json\/wp\/v2\/media\/192103"}],"wp:attachment":[{"href":"https:\/\/zjarr.tv\/en\/wp-json\/wp\/v2\/media?parent=192100"}],"wp:term":[{"taxonomy":"category","embeddable":true,"href":"https:\/\/zjarr.tv\/en\/wp-json\/wp\/v2\/categories?post=192100"},{"taxonomy":"post_tag","embeddable":true,"href":"https:\/\/zjarr.tv\/en\/wp-json\/wp\/v2\/tags?post=192100"}],"curies":[{"name":"wp","href":"https:\/\/api.w.org\/{rel}","templated":true}]}}