{"id":192112,"date":"2021-07-06T08:58:48","date_gmt":"2021-07-06T06:58:48","guid":{"rendered":"https:\/\/zjarr.tv\/?p=192112"},"modified":"2021-07-06T08:58:48","modified_gmt":"2021-07-06T06:58:48","slug":"mberrijne-mbi-16-mije-vaksina-pfizer-dozat-e-pfizer-jane-te-rezervuara-per-persona-me-semundje-bashkeshoqeruese","status":"publish","type":"post","link":"https:\/\/zjarr.tv\/en\/mberrijne-mbi-16-mije-vaksina-pfizer-dozat-e-pfizer-jane-te-rezervuara-per-persona-me-semundje-bashkeshoqeruese\/","title":{"rendered":"Mb\u00ebrrijn\u00eb mbi 16 mij\u00eb vaksina Pfizer, dozat e Pfizer jan\u00eb t\u00eb rezervuara p\u00ebr persona me s\u00ebmundje bashk\u00ebshoq\u00ebruese\u2026"},"content":{"rendered":"<p>Ministrja e Sh\u00ebndet\u00ebsis\u00eb Ogerta Manastirliu, e shoq\u00ebruar nga ambasadori i BE, Luigi Soreca dhe ai austriak Christian Steiner, kan\u00eb pritur mbr\u00ebmjen e s\u00eb h\u00ebn\u00ebs n\u00eb Aeroportin e Rinasit 16 380 vaksina Pfizer. Dozat ishin pjes\u00eb e marr\u00ebveshjes me kompanin\u00eb Pfizer dhe ndihm\u00ebs s\u00eb BE.<\/p>\n<p>Manastirliu tha se deri tani kan\u00eb mb\u00ebrritur n\u00eb vend mbi 1 120 000 vaksina. Ambasadori Soreca, u shpreh se deri tani jan\u00eb rreth 60 mij\u00eb vaksina Pfizer q\u00eb BE ka sjell\u00eb p\u00ebr Shqip\u00ebrin\u00eb, nd\u00ebrsa brenda muajit Gusht do t\u00eb plot\u00ebsohet kontrata prej rreth 150 mij\u00eb vaksinave.<\/p>\n<p>Problemi \u00ebsht\u00eb se n\u00eb pikat e vaksinimit t\u00eb popullsis\u00eb nuk b\u00ebhet asnj\u00eb doz\u00eb Pfizer. Nga nj\u00eb v\u00ebzhgim i lapsi.al prej disa dit\u00ebsh n\u00eb k\u00ebto qendra, aty gjen normalisht vet\u00ebm doza t\u00eb vaksin\u00ebs kineze.<\/p>\n<p>T\u00eb pyetur se ku shkojn\u00eb dozat e Pfizer q\u00eb vijn\u00eb \u00e7do t\u00eb h\u00ebn\u00eb n\u00eb vend, p\u00ebrfaq\u00ebsues t\u00eb komitetit t\u00eb vaksinimit than\u00eb se ato jan\u00eb t\u00eb rezervuara p\u00ebr persona me s\u00ebmundje bashk\u00ebshoq\u00ebruese. Por edhe k\u00ebta t\u00eb fundit jan\u00eb ankuar shpesh publikisht se e kan\u00eb t\u00eb v\u00ebshtir\u00eb t\u00eb sigurojn\u00eb doza p\u00ebr shkak t\u00eb burokracive dhe sorollatjes n\u00eb zyra.<strong>\u00a0\u00a9LAPSI.al<\/strong><\/p>","protected":false},"excerpt":{"rendered":"<p>Ministrja e Sh\u00ebndet\u00ebsis\u00eb Ogerta Manastirliu, e shoq\u00ebruar nga ambasadori i BE, Luigi Soreca dhe ai austriak Christian Steiner, kan\u00eb pritur mbr\u00ebmjen e s\u00eb h\u00ebn\u00ebs n\u00eb Aeroportin e Rinasit 16 380 vaksina Pfizer. Dozat ishin pjes\u00eb e marr\u00ebveshjes me kompanin\u00eb Pfizer dhe ndihm\u00ebs s\u00eb BE. Manastirliu tha se deri tani kan\u00eb mb\u00ebrritur n\u00eb vend mbi 1 [&hellip;]<\/p>\n","protected":false},"author":2016,"featured_media":192114,"comment_status":"closed","ping_status":"closed","sticky":false,"template":"","format":"standard","meta":{"footnotes":""},"categories":[241],"tags":[4174],"class_list":{"0":"post-192112","1":"post","2":"type-post","3":"status-publish","4":"format-standard","5":"has-post-thumbnail","7":"category-aktualitet","8":"tag-lajme-zjarr-mberrijne-mbi-16-mije-vaksina-pfizer-zjarr-tv"},"_links":{"self":[{"href":"https:\/\/zjarr.tv\/en\/wp-json\/wp\/v2\/posts\/192112","targetHints":{"allow":["GET"]}}],"collection":[{"href":"https:\/\/zjarr.tv\/en\/wp-json\/wp\/v2\/posts"}],"about":[{"href":"https:\/\/zjarr.tv\/en\/wp-json\/wp\/v2\/types\/post"}],"author":[{"embeddable":true,"href":"https:\/\/zjarr.tv\/en\/wp-json\/wp\/v2\/users\/2016"}],"replies":[{"embeddable":true,"href":"https:\/\/zjarr.tv\/en\/wp-json\/wp\/v2\/comments?post=192112"}],"version-history":[{"count":0,"href":"https:\/\/zjarr.tv\/en\/wp-json\/wp\/v2\/posts\/192112\/revisions"}],"wp:featuredmedia":[{"embeddable":true,"href":"https:\/\/zjarr.tv\/en\/wp-json\/wp\/v2\/media\/192114"}],"wp:attachment":[{"href":"https:\/\/zjarr.tv\/en\/wp-json\/wp\/v2\/media?parent=192112"}],"wp:term":[{"taxonomy":"category","embeddable":true,"href":"https:\/\/zjarr.tv\/en\/wp-json\/wp\/v2\/categories?post=192112"},{"taxonomy":"post_tag","embeddable":true,"href":"https:\/\/zjarr.tv\/en\/wp-json\/wp\/v2\/tags?post=192112"}],"curies":[{"name":"wp","href":"https:\/\/api.w.org\/{rel}","templated":true}]}}