{"id":192120,"date":"2021-07-06T09:57:21","date_gmt":"2021-07-06T07:57:21","guid":{"rendered":"https:\/\/zjarr.tv\/?p=192120"},"modified":"2021-07-06T09:57:21","modified_gmt":"2021-07-06T07:57:21","slug":"e-rende-humb-jeten-20-vjecari-ne-durres-shperthen-goma-e-kamionit-ne-gomisteri","status":"publish","type":"post","link":"https:\/\/zjarr.tv\/en\/e-rende-humb-jeten-20-vjecari-ne-durres-shperthen-goma-e-kamionit-ne-gomisteri\/","title":{"rendered":"E r\u00ebnd\u00eb\/ Humb jet\u00ebn 20-vje\u00e7ari n\u00eb Durr\u00ebs, shp\u00ebrthen goma e kamionit n\u00eb gomisteri\u2026"},"content":{"rendered":"<p style=\"background: white; margin: 0in 0in 19.5pt 0in;\"><span style=\"color: #222222;\">Nj\u00eb djal\u00eb i ri 20-vje\u00e7, ka nd\u00ebrruar jet\u00eb n\u00eb Durr\u00ebs, n\u00eb vendin e tij t\u00eb pun\u00ebs. M\u00ebsohet se ai ka qen\u00eb duke rregulluar gom\u00ebn e nj\u00eb kamioni, e cila m\u00eb pas ka shp\u00ebrthyer duke e plagosur. P\u00ebr pasoj\u00eb, 20-vje\u00e7ari ka nd\u00ebrruar jet\u00eb.<\/span><\/p>\n<p style=\"background: white; -webkit-tap-highlight-color: transparent !important; box-sizing: border-box; overflow-wrap: break-word; font-variant-ligatures: normal; font-variant-caps: normal; orphans: 2; widows: 2; -webkit-text-stroke-width: 0px; text-decoration-thickness: initial; text-decoration-style: initial; text-decoration-color: initial; word-spacing: 0px; margin: 0in 0in 19.5pt 0in;\"><span style=\"color: #222222;\">\u201cM\u00eb dat\u00eb 06.07.2021, rreth or\u00ebs 08:50, n\u00eb lagjen nr.14\/1,\u00a0 K\u00ebnet\u00eb, n\u00eb ambientet e nj\u00eb gomisterie, duke rregulluar nj\u00eb gom\u00eb t\u00eb nj\u00eb kamioni e cila ka shp\u00ebrthyer, \u00ebsht\u00eb l\u00ebnduar shtetasi R. T., 20-vje\u00e7, (punonj\u00ebs), i cili si pasoj\u00eb e plag\u00ebve t\u00eb marra ka nd\u00ebrruar jet\u00eb\u201d, njofton Policia.<\/span><\/p>\n<p style=\"background: white; -webkit-tap-highlight-color: transparent !important; box-sizing: border-box; overflow-wrap: break-word; font-variant-ligatures: normal; font-variant-caps: normal; orphans: 2; widows: 2; -webkit-text-stroke-width: 0px; text-decoration-thickness: initial; text-decoration-style: initial; text-decoration-color: initial; word-spacing: 0px; margin: 0in 0in 19.5pt 0in;\"><span style=\"color: #222222;\">Grupi hetimor ndodhet n\u00eb vendngjarje dhe po punon p\u00ebr zbardhjen e rrethanave t\u00eb ngjarjes.<\/span><\/p>","protected":false},"excerpt":{"rendered":"<p>Nj\u00eb djal\u00eb i ri 20-vje\u00e7, ka nd\u00ebrruar jet\u00eb n\u00eb Durr\u00ebs, n\u00eb vendin e tij t\u00eb pun\u00ebs. M\u00ebsohet se ai ka qen\u00eb duke rregulluar gom\u00ebn e nj\u00eb kamioni, e cila m\u00eb pas ka shp\u00ebrthyer duke e plagosur. P\u00ebr pasoj\u00eb, 20-vje\u00e7ari ka nd\u00ebrruar jet\u00eb. \u201cM\u00eb dat\u00eb 06.07.2021, rreth or\u00ebs 08:50, n\u00eb lagjen nr.14\/1,\u00a0 K\u00ebnet\u00eb, n\u00eb ambientet e [&hellip;]<\/p>\n","protected":false},"author":2016,"featured_media":192122,"comment_status":"closed","ping_status":"closed","sticky":false,"template":"","format":"standard","meta":{"footnotes":""},"categories":[241],"tags":[4177],"class_list":{"0":"post-192120","1":"post","2":"type-post","3":"status-publish","4":"format-standard","5":"has-post-thumbnail","7":"category-aktualitet","8":"tag-lajme-zjarr-humb-jeten-20-vjecari-ne-durres-zjarr-tv"},"_links":{"self":[{"href":"https:\/\/zjarr.tv\/en\/wp-json\/wp\/v2\/posts\/192120","targetHints":{"allow":["GET"]}}],"collection":[{"href":"https:\/\/zjarr.tv\/en\/wp-json\/wp\/v2\/posts"}],"about":[{"href":"https:\/\/zjarr.tv\/en\/wp-json\/wp\/v2\/types\/post"}],"author":[{"embeddable":true,"href":"https:\/\/zjarr.tv\/en\/wp-json\/wp\/v2\/users\/2016"}],"replies":[{"embeddable":true,"href":"https:\/\/zjarr.tv\/en\/wp-json\/wp\/v2\/comments?post=192120"}],"version-history":[{"count":0,"href":"https:\/\/zjarr.tv\/en\/wp-json\/wp\/v2\/posts\/192120\/revisions"}],"wp:featuredmedia":[{"embeddable":true,"href":"https:\/\/zjarr.tv\/en\/wp-json\/wp\/v2\/media\/192122"}],"wp:attachment":[{"href":"https:\/\/zjarr.tv\/en\/wp-json\/wp\/v2\/media?parent=192120"}],"wp:term":[{"taxonomy":"category","embeddable":true,"href":"https:\/\/zjarr.tv\/en\/wp-json\/wp\/v2\/categories?post=192120"},{"taxonomy":"post_tag","embeddable":true,"href":"https:\/\/zjarr.tv\/en\/wp-json\/wp\/v2\/tags?post=192120"}],"curies":[{"name":"wp","href":"https:\/\/api.w.org\/{rel}","templated":true}]}}