{"id":192124,"date":"2021-07-06T10:18:47","date_gmt":"2021-07-06T08:18:47","guid":{"rendered":"https:\/\/zjarr.tv\/?p=192124"},"modified":"2021-07-06T10:18:47","modified_gmt":"2021-07-06T08:18:47","slug":"testamenti-ne-vargje-i-poetit-petrit-ruka-kur-te-vdes-une-mos-ma-fal-tradhtine-me-vdekje","status":"publish","type":"post","link":"https:\/\/zjarr.tv\/en\/testamenti-ne-vargje-i-poetit-petrit-ruka-kur-te-vdes-une-mos-ma-fal-tradhtine-me-vdekje\/","title":{"rendered":"Testamenti n\u00eb vargje i poetit Petrit Ruka: Kur t\u00eb vdes un\u00eb mos ma fal tradhtin\u00eb me vdekje\u2026"},"content":{"rendered":"<p>Poeti Petrit Ruka, mbylli syt\u00eb p\u00ebrgjithmon\u00eb sot n\u00eb mosh\u00ebn 67-vje\u00e7are, p\u00ebr shkak t\u00eb nj\u00eb s\u00ebmundje t\u00eb r\u00ebnd\u00eb n\u00eb zem\u00ebr, nga e cila vuante prej disa vitesh. Ai ka l\u00ebn\u00eb pas nj\u00eb s\u00ebr\u00eb veprash letrare, me disa botime v\u00ebllimesh me poezi. Nd\u00ebrkoh\u00eb q\u00eb ka realizuar m\u00eb shum\u00eb se 30 vepra kinematografike si skenarist dhe regjisor.<\/p>\n<p>Nj\u00eb vep\u00ebr mjaft e njohur e tij \u00ebsht\u00eb poezia \u201cKur t\u00eb vdes un\u00eb\u201d, q\u00eb sot me ikjen e tij ting\u00ebllon si nj\u00eb testament i fundit i autorit t\u00eb vepr\u00ebs.<\/p>\n<p><strong><em> Petrit Ruka- Kur t\u00eb vdes un\u00eb<\/em><\/strong><\/p>\n<p><em>Kur t\u00eb vdes un\u00eb mbyll der\u00ebn\u00a0 dhe pi e pi at\u00eb nat\u00eb<\/em><\/p>\n<p><em>Hapi shishet e ver\u00ebs q\u00eb nuk pim\u00eb dot bashk\u00eb<\/em><\/p>\n<p><em> (Uh, sa na mbeten, nj\u00eb kantin\u00eb e t\u00ebr\u00eb,)<\/em><\/p>\n<p><em>Pi edhe sham\u00eb q\u00eb t\u00eb tradh\u00ebtova me vdekje<\/em><\/p>\n<p><em>Burr\u00eb i pabes\u00eb, \u2026si uji n\u00eb r\u00ebr\u00eb\u2026<\/em><\/p>\n<p><em>Lexo nja dy k\u00ebng\u00eb t\u00eb miat, \u00a0t\u00eb trishta<\/em><\/p>\n<p><em>Pastaj grisi dyshemese<\/em><\/p>\n<p><em>(Pa pik\u00eb m\u00ebshire, pa lot\u00eb,)<\/em><\/p>\n<p><em>M\u00eb shaj q\u00eb nuk t\u00eb k\u00ebndova si\u00e7 e meritoje,<\/em><\/p>\n<p><em>S\u2019t\u2019u b\u00ebra poeti m\u00eb i mir\u00eb n\u00eb bot\u00eb.<\/em><\/p>\n<p><em>P\u00ebr inatin tim nxirri gjinjt\u00eb jasht\u00eb k\u00ebmish\u00ebs<\/em><\/p>\n<p><em>M\u00eb thuaj: ja ku i kam akoma plot jet\u00eb,<\/em><\/p>\n<p><em>(\u00c7\u2019t\u2019i b\u00ebj tani pa ty, zuzar,)<\/em><\/p>\n<p><em>Po tashm\u00eb kam ikur e si t\u00eb ta them<\/em><\/p>\n<p><em>Q\u00eb p\u00ebr to do t\u00eb rrotullohem<\/em><\/p>\n<p><em>Edhe brenda n\u00eb varr\u2026<\/em><\/p>\n<p><em>Kur t\u00eb vdes un\u00eb mos ma fal<\/em><\/p>\n<p><em>tradh\u00ebtin\u00eb e fundit me vdekje,<\/em><\/p>\n<p><em>(At\u00eb m\u00eb t\u00eb poshtr\u00ebn, m\u00eb t\u00eb pabes\u00ebn.)<\/em><\/p>\n<p><em>Ve\u00e7 mbaje nj\u00eb sy hapur tek dritarja, se s\u2019 dihet,<\/em><\/p>\n<p><em>Mund t\u00eb b\u00ebj marr\u00ebveshje \u2026e t\u00eb vij<\/em><\/p>\n<p><em>\u2026Me ves\u00ebn\u2026<\/em><\/p>\n<p>&nbsp;<\/p>","protected":false},"excerpt":{"rendered":"<p>Poeti Petrit Ruka, mbylli syt\u00eb p\u00ebrgjithmon\u00eb sot n\u00eb mosh\u00ebn 67-vje\u00e7are, p\u00ebr shkak t\u00eb nj\u00eb s\u00ebmundje t\u00eb r\u00ebnd\u00eb n\u00eb zem\u00ebr, nga e cila vuante prej disa vitesh. Ai ka l\u00ebn\u00eb pas nj\u00eb s\u00ebr\u00eb veprash letrare, me disa botime v\u00ebllimesh me poezi. Nd\u00ebrkoh\u00eb q\u00eb ka realizuar m\u00eb shum\u00eb se 30 vepra kinematografike si skenarist dhe regjisor. Nj\u00eb [&hellip;]<\/p>\n","protected":false},"author":2016,"featured_media":192126,"comment_status":"closed","ping_status":"closed","sticky":false,"template":"","format":"standard","meta":{"footnotes":""},"categories":[241],"tags":[4178],"class_list":{"0":"post-192124","1":"post","2":"type-post","3":"status-publish","4":"format-standard","5":"has-post-thumbnail","7":"category-aktualitet","8":"tag-lajme-zjarr-testamenti-ne-vargje-i-poetit-petrit-ruka-zjarr-tv"},"_links":{"self":[{"href":"https:\/\/zjarr.tv\/en\/wp-json\/wp\/v2\/posts\/192124","targetHints":{"allow":["GET"]}}],"collection":[{"href":"https:\/\/zjarr.tv\/en\/wp-json\/wp\/v2\/posts"}],"about":[{"href":"https:\/\/zjarr.tv\/en\/wp-json\/wp\/v2\/types\/post"}],"author":[{"embeddable":true,"href":"https:\/\/zjarr.tv\/en\/wp-json\/wp\/v2\/users\/2016"}],"replies":[{"embeddable":true,"href":"https:\/\/zjarr.tv\/en\/wp-json\/wp\/v2\/comments?post=192124"}],"version-history":[{"count":0,"href":"https:\/\/zjarr.tv\/en\/wp-json\/wp\/v2\/posts\/192124\/revisions"}],"wp:featuredmedia":[{"embeddable":true,"href":"https:\/\/zjarr.tv\/en\/wp-json\/wp\/v2\/media\/192126"}],"wp:attachment":[{"href":"https:\/\/zjarr.tv\/en\/wp-json\/wp\/v2\/media?parent=192124"}],"wp:term":[{"taxonomy":"category","embeddable":true,"href":"https:\/\/zjarr.tv\/en\/wp-json\/wp\/v2\/categories?post=192124"},{"taxonomy":"post_tag","embeddable":true,"href":"https:\/\/zjarr.tv\/en\/wp-json\/wp\/v2\/tags?post=192124"}],"curies":[{"name":"wp","href":"https:\/\/api.w.org\/{rel}","templated":true}]}}