{"id":192131,"date":"2021-07-06T10:55:21","date_gmt":"2021-07-06T08:55:21","guid":{"rendered":"https:\/\/zjarr.tv\/?p=192131"},"modified":"2021-07-06T10:55:21","modified_gmt":"2021-07-06T08:55:21","slug":"ylli-manjani-si-duhet-ti-lexojme-vendimet-e-gjykates-kushtetuese-nuk-ka-per-objekt-izolimin-e-gangstereve","status":"publish","type":"post","link":"https:\/\/zjarr.tv\/en\/ylli-manjani-si-duhet-ti-lexojme-vendimet-e-gjykates-kushtetuese-nuk-ka-per-objekt-izolimin-e-gangstereve\/","title":{"rendered":"Ylli Manjani: Si duhet t\u2019i lexojm\u00eb vendimet e Gjykat\u00ebs Kushtetuese, nuk ka p\u00ebr objekt izolimin e gangster\u00ebve\u2026"},"content":{"rendered":"<p>Nga Ylli Manjani:<\/p>\n<p>Edhe nj\u00ebher\u00eb p\u00ebr vendimet e Gjykat\u00ebs Kushtetuese. Gjykata Kushtetuese ka p\u00ebr mision t\u00eb disiplinojn\u00eb marr\u00ebdh\u00ebnien nd\u00ebrmjet politikat\u00ebve t\u00eb p\u00ebrgjegjsh\u00ebm me shoq\u00ebrin\u00eb ku jetojn\u00eb dhe, jo t\u00eb izolojn\u00eb gangster\u00ebt. K\u00ebto t\u00eb fundit izolohen nga gjykata penale.<\/p>\n<p>Vendimet e Gjykat\u00ebs Kushtetuese, kur i lexojn\u00eb e interpretojn\u00eb gangster\u00ebt politik\u00eb, jan\u00eb pa vler\u00eb p\u00ebr fat t\u00eb keq. Zakonisht gangster\u00ebt thon\u00eb \u201cgjykata foli, por ne vazhdojm\u00eb pun\u00ebn\u201d; \u201cne na voton shumica, jo gjykata\u201d; \u201ck\u00ebshtu ka ndodhur edhe n\u00eb filan vend e me fistek politikan\u201d; \u201cp\u00ebr k\u00ebt\u00eb b\u00ebhen dhe filma\u201c; \u201cne jemi t\u00eb vendosur n\u00eb rrug\u00ebn ton\u00eb\u2026\u201d; \u201cata q\u00eb protestojn\u00eb e denoncojn\u00eb jan\u00eb budallenj\u201d\u2026etj fjali si k\u00ebto. K\u00ebto jan\u00eb fjal\u00ebt e gangster\u00ebve politik\u00eb. Dhe k\u00ebtu gjykata Kushtetue s\u2019ka \u00e7\u2019b\u00ebn. Gjykata nuk \u00ebsht\u00eb as komisariat policie, as zyr\u00eb p\u00ebrmbarimi, as KQZ, as KKT e aq m\u00eb pak \u00ebsht\u00eb nd\u00ebrmarrje nd\u00ebrtim shembjesh.<\/p>\n<p>Nga ana tjet\u00ebr, politikani i p\u00ebrgjegjsh\u00ebm do duhet t\u2019i lexonte pak a shum\u00eb k\u00ebshtu vendimet e gjykat\u00ebs: P\u00ebr ligjin e zgjedhjeve. Gjykata na dha nj\u00eb mund\u00ebsi p\u00ebr t\u00eb kryer nj\u00eb reform\u00eb t\u00eb thell\u00eb e t\u00eb v\u00ebrtet\u00eb t\u00eb sistemit p\u00ebrfaq\u00ebsues politike n\u00eb vend. Ndaj duhet t\u00eb fillojm\u00eb nga puna konsensualisht p\u00ebr nj\u00eb gj\u00eb t\u00eb till\u00eb. P\u00ebr Teatrin. Gjykata na ndihmoi t\u00eb nd\u00ebrtojm\u00eb nj\u00eb marr\u00ebdh\u00ebnie t\u00eb re me shoq\u00ebrin\u00eb e cila ka ndjeshm\u00ebri t\u00eb vogla. Ndaj le t\u00eb fillojm\u00eb pun\u00ebn p\u00ebr t\u00eb rikthyer Teatrin n\u00eb projektin origjinal si pjes\u00eb t\u00eb trash\u00ebgimis\u00eb komb\u00ebtare.<\/p>\n<p>P\u00ebr dekretet e Presidentit. Gjykata na dha nj\u00eb dimension t\u00eb ri n\u00eb \u00e7\u00ebshtjen e z\u00ebvend\u00ebsimit t\u00eb ministrave. Marr\u00ebdh\u00ebniet me Presidentin nuk jan\u00eb nj\u00eb cop\u00eb let\u00ebr me firm\u00eb, por mbi t\u00eb gjitha komunikim institucional. P\u00ebr Policin\u00eb. Vendimi i gjykat\u00ebs \u00ebsht\u00eb nj\u00eb sinjal i fort\u00eb p\u00ebr t\u00eb vendosur nj\u00ebher\u00eb e mir\u00eb q\u00eb sh\u00ebrbimet policore jan\u00eb e duhet t\u00eb jen\u00eb n\u00ebn var\u00ebsin\u00eb profesionale dhe mbikqyrjen ligjore t\u00eb organeve t\u00eb drejt\u00ebsis\u00eb. Ky duhet t\u00eb ishte leximi i p\u00ebrgjegjsh\u00ebm i vendimeve.<\/p>\n<p>Dallim i madh me gangster\u00ebt, apo jo?<\/p>\n<p>&nbsp;<\/p>","protected":false},"excerpt":{"rendered":"<p>Nga Ylli Manjani: Edhe nj\u00ebher\u00eb p\u00ebr vendimet e Gjykat\u00ebs Kushtetuese. Gjykata Kushtetuese ka p\u00ebr mision t\u00eb disiplinojn\u00eb marr\u00ebdh\u00ebnien nd\u00ebrmjet politikat\u00ebve t\u00eb p\u00ebrgjegjsh\u00ebm me shoq\u00ebrin\u00eb ku jetojn\u00eb dhe, jo t\u00eb izolojn\u00eb gangster\u00ebt. K\u00ebto t\u00eb fundit izolohen nga gjykata penale. Vendimet e Gjykat\u00ebs Kushtetuese, kur i lexojn\u00eb e interpretojn\u00eb gangster\u00ebt politik\u00eb, jan\u00eb pa vler\u00eb p\u00ebr fat t\u00eb [&hellip;]<\/p>\n","protected":false},"author":2016,"featured_media":184964,"comment_status":"closed","ping_status":"closed","sticky":false,"template":"","format":"standard","meta":{"footnotes":""},"categories":[241],"tags":[3608],"class_list":{"0":"post-192131","1":"post","2":"type-post","3":"status-publish","4":"format-standard","5":"has-post-thumbnail","7":"category-aktualitet","8":"tag-lajme-zjarr-ylli-manjani-zjarr-tv"},"_links":{"self":[{"href":"https:\/\/zjarr.tv\/en\/wp-json\/wp\/v2\/posts\/192131","targetHints":{"allow":["GET"]}}],"collection":[{"href":"https:\/\/zjarr.tv\/en\/wp-json\/wp\/v2\/posts"}],"about":[{"href":"https:\/\/zjarr.tv\/en\/wp-json\/wp\/v2\/types\/post"}],"author":[{"embeddable":true,"href":"https:\/\/zjarr.tv\/en\/wp-json\/wp\/v2\/users\/2016"}],"replies":[{"embeddable":true,"href":"https:\/\/zjarr.tv\/en\/wp-json\/wp\/v2\/comments?post=192131"}],"version-history":[{"count":0,"href":"https:\/\/zjarr.tv\/en\/wp-json\/wp\/v2\/posts\/192131\/revisions"}],"wp:featuredmedia":[{"embeddable":true,"href":"https:\/\/zjarr.tv\/en\/wp-json\/wp\/v2\/media\/184964"}],"wp:attachment":[{"href":"https:\/\/zjarr.tv\/en\/wp-json\/wp\/v2\/media?parent=192131"}],"wp:term":[{"taxonomy":"category","embeddable":true,"href":"https:\/\/zjarr.tv\/en\/wp-json\/wp\/v2\/categories?post=192131"},{"taxonomy":"post_tag","embeddable":true,"href":"https:\/\/zjarr.tv\/en\/wp-json\/wp\/v2\/tags?post=192131"}],"curies":[{"name":"wp","href":"https:\/\/api.w.org\/{rel}","templated":true}]}}