{"id":192166,"date":"2021-07-06T13:34:26","date_gmt":"2021-07-06T11:34:26","guid":{"rendered":"https:\/\/zjarr.tv\/?p=192166"},"modified":"2021-07-06T13:34:26","modified_gmt":"2021-07-06T11:34:26","slug":"firma-e-gabuar-qe-coi-pas-hekurave-fatos-tushen-dhe-11-te-tjere","status":"publish","type":"post","link":"https:\/\/zjarr.tv\/en\/firma-e-gabuar-qe-coi-pas-hekurave-fatos-tushen-dhe-11-te-tjere\/","title":{"rendered":"Firma e gabuar q\u00eb \u00e7oi pas hekurave Fatos Tushen dhe 11 t\u00eb tjer\u00eb\u2026"},"content":{"rendered":"<p>&nbsp;<\/p>\n<p>Nj\u00eb tender me vler\u00eb 24 milion\u00eb lek\u00eb, \u00ebsht\u00eb shkelja q\u00eb ka \u00e7uar sot pas hekurave kryebashkiakun e Lushnjes Fatos Tushe, bashk\u00eb me 11 persona t\u00eb tjer\u00eb me tyre zyrtar\u00eb dhe ish-zyrtar\u00eb dhe dhe biznesmen\u00eb.<\/p>\n<p>Burime b\u00ebjn\u00eb me dije p\u00ebr ABC, se tenderi \u00ebsht\u00eb dh\u00ebn\u00eb n\u00eb m\u00ebnyr\u00eb t\u00eb paligjshme p\u00ebr nd\u00ebrtimin e nj\u00eb kanali vadit\u00ebs.<\/p>\n<p>Kryebashkiaku i Lushnjes Fatos Tushe, \u00ebsht\u00eb arrestuar me urdh\u00ebr t\u00eb Prokuroris\u00eb s\u00eb Posa\u00e7me bashk\u00eb me 11 persona t\u00eb tjer\u00eb vart\u00ebs t\u00eb tij dhe biznesmen\u00eb. Abcnews.al m\u00ebson se Tushe, \u00ebsht\u00eb v\u00ebn\u00eb n\u00eb pranga pasi dyshohet se ka dh\u00ebn\u00eb leje nd\u00ebrtimi n\u00eb kund\u00ebrshtim me ligjin.<\/p>\n<p>Mes t\u00eb arrestuarve \u00ebsht\u00eb edhe Flamur Peqini, ish-kreu i Inspektoratit t\u00eb Nd\u00ebrtimit n\u00eb Lushnje, i cil\u00ebsuar si \u201ckoka\u201d e grupit si Gazment \u00c7ela zv. drejtor i Nd\u00ebrmarrjes s\u00eb Pasurive Publike dhe Xhemal Hasko, p\u00ebrgjegj\u00ebsi i ujit n\u00eb bashkin\u00eb Lushnje.m.v<\/p>","protected":false},"excerpt":{"rendered":"<p>&nbsp; Nj\u00eb tender me vler\u00eb 24 milion\u00eb lek\u00eb, \u00ebsht\u00eb shkelja q\u00eb ka \u00e7uar sot pas hekurave kryebashkiakun e Lushnjes Fatos Tushe, bashk\u00eb me 11 persona t\u00eb tjer\u00eb me tyre zyrtar\u00eb dhe ish-zyrtar\u00eb dhe dhe biznesmen\u00eb. Burime b\u00ebjn\u00eb me dije p\u00ebr ABC, se tenderi \u00ebsht\u00eb dh\u00ebn\u00eb n\u00eb m\u00ebnyr\u00eb t\u00eb paligjshme p\u00ebr nd\u00ebrtimin e nj\u00eb kanali vadit\u00ebs. [&hellip;]<\/p>\n","protected":false},"author":2016,"featured_media":192167,"comment_status":"closed","ping_status":"closed","sticky":false,"template":"","format":"standard","meta":{"footnotes":""},"categories":[241],"tags":[],"class_list":{"0":"post-192166","1":"post","2":"type-post","3":"status-publish","4":"format-standard","5":"has-post-thumbnail","7":"category-aktualitet"},"_links":{"self":[{"href":"https:\/\/zjarr.tv\/en\/wp-json\/wp\/v2\/posts\/192166","targetHints":{"allow":["GET"]}}],"collection":[{"href":"https:\/\/zjarr.tv\/en\/wp-json\/wp\/v2\/posts"}],"about":[{"href":"https:\/\/zjarr.tv\/en\/wp-json\/wp\/v2\/types\/post"}],"author":[{"embeddable":true,"href":"https:\/\/zjarr.tv\/en\/wp-json\/wp\/v2\/users\/2016"}],"replies":[{"embeddable":true,"href":"https:\/\/zjarr.tv\/en\/wp-json\/wp\/v2\/comments?post=192166"}],"version-history":[{"count":0,"href":"https:\/\/zjarr.tv\/en\/wp-json\/wp\/v2\/posts\/192166\/revisions"}],"wp:featuredmedia":[{"embeddable":true,"href":"https:\/\/zjarr.tv\/en\/wp-json\/wp\/v2\/media\/192167"}],"wp:attachment":[{"href":"https:\/\/zjarr.tv\/en\/wp-json\/wp\/v2\/media?parent=192166"}],"wp:term":[{"taxonomy":"category","embeddable":true,"href":"https:\/\/zjarr.tv\/en\/wp-json\/wp\/v2\/categories?post=192166"},{"taxonomy":"post_tag","embeddable":true,"href":"https:\/\/zjarr.tv\/en\/wp-json\/wp\/v2\/tags?post=192166"}],"curies":[{"name":"wp","href":"https:\/\/api.w.org\/{rel}","templated":true}]}}