{"id":192170,"date":"2021-07-06T13:37:07","date_gmt":"2021-07-06T11:37:07","guid":{"rendered":"https:\/\/zjarr.tv\/?p=192170"},"modified":"2021-07-06T13:37:07","modified_gmt":"2021-07-06T11:37:07","slug":"arrestimi-i-fatos-tushes-revoltohet-ylli-manjani-te-mos-i-vijme-verdalle-muhabetit-ketej-nga-tirana-nuk-funksionon-spak-ketu-bejne-gangsterin","status":"publish","type":"post","link":"https:\/\/zjarr.tv\/en\/arrestimi-i-fatos-tushes-revoltohet-ylli-manjani-te-mos-i-vijme-verdalle-muhabetit-ketej-nga-tirana-nuk-funksionon-spak-ketu-bejne-gangsterin\/","title":{"rendered":"Arrestimi i Fatos Tushes, revoltohet Ylli Manjani: T\u00eb mos i vijm\u00eb v\u00ebrdall\u00eb muhabetit, k\u00ebtej nga Tirana nuk funksionon SPAK, k\u00ebtu b\u00ebjn\u00eb \u2018gangsterin\u2019"},"content":{"rendered":"<p>Avokati i njohur Ylli Manjani ka reaguar p\u00ebrmes nj\u00eb postimi n\u00eb Facebook i revoltuar p\u00ebr arrestimet e sotme n\u00eb Bashkin\u00eb e Lushnj\u00ebs duke th\u00ebn\u00eb se shembja e paligjshme e Teatrit \u00ebsht\u00eb m\u00eb e r\u00ebnd\u00ebsishme se kanali i Lushnj\u00ebs dhe SPAK duhet t\u00eb funksionoj\u00eb edhe n\u00eb Tiran\u00eb. N\u00eb postimin e tij ai b\u00ebri nj\u00eb paraleliz\u00ebm t\u00eb \u00e7\u00ebshtjes s\u00eb Teatrit p\u00ebr t\u00eb cil\u00ebn thot\u00eb se b\u00ebjn\u00eb gangsterin n\u00eb gjykat\u00eb dhe rasti i Lushnj\u00ebs ku nuk guxojn\u00eb ta b\u00ebjn\u00eb k\u00ebt\u00eb gj\u00eb.<\/p>\n<p><strong>Postimi i plot\u00eb:<\/strong><\/p>\n<p><em>Jam shum\u00eb dakord!Kanali vadit\u00ebs n\u00eb Lushnje \u00ebsht\u00eb i r\u00ebnd\u00ebsish\u00ebm, ndaj abuzimi me t\u00eb duhet nd\u00ebshkuar. Shpresoj t\u00eb jet\u00eb dokumentuar mir\u00eb abuzimi.<\/em><em><br \/>\nPor t\u00eb mos i vijm\u00eb v\u00ebrdall\u00eb hi\u00e7 muhabetit.<\/em><\/p>\n<p><em>Shembja e PALIGJSHME e Teatrit Komb\u00ebtar e nj\u00eb godine q\u00eb ende sot \u00ebsht\u00eb e mbrojtur nga ligji p\u00ebr trash\u00ebgimin\u00eb, e shembur pa miratuar m\u00eb par\u00eb projektin zhvillimor e pa nj\u00eb leje zhvillimore, \u00ebsht\u00eb po aq abuzuese(n\u00eb fakt \u00ebsht\u00eb m\u00eb e r\u00ebnd\u00eb) sa kanali i Lushnjes. \u00cbsht\u00eb kryer nga i nj\u00ebjti rang funksionari publik si kryetari i bashkis\u00eb s\u00eb Lushnjes. T\u00eb dy jan\u00eb t\u00eb em\u00ebruar e jo t\u00eb zgjedhur. Por k\u00ebtej nga Tirana nuk funksionon SPAK ende!!!<\/em><\/p>\n<p><em>K\u00ebtej nga Tirana kan\u00eb edhe luksin t\u00eb b\u00ebjn\u00eb gangsterin kund\u00ebr Gjykat\u00ebs Kushtetuese, n\u00eb dallim nga ai i Lushnjes q\u00eb nuk guxon ta b\u00ebj\u00eb k\u00ebt\u00eb gj\u00eb\u2026 Nd\u00ebrkoh\u00eb, a u ka mbet\u00eb m\u00eb pushtet lokal k\u00ebtyre q\u00eb t\u00eb justifikojn\u00eb votimet moniste?!Duhen zgiidhje e p\u00ebrgjegj\u00ebsi politike jo thjesht deklarata mbi e p\u00ebr SPAK-un.<\/em><\/p>\n<p><em>Duhen zgjedhje vendore legjitime si mjeti i vet\u00ebm nga ku buron legjitimiteti i t\u00eb zdhedhurve vendor\u00eb.<\/em><em><br \/>\nK\u00ebta t\u00eb sotmit jan\u00eb thjesht t\u00eb em\u00ebruar\u2026<\/em><\/p>","protected":false},"excerpt":{"rendered":"<p>Avokati i njohur Ylli Manjani ka reaguar p\u00ebrmes nj\u00eb postimi n\u00eb Facebook i revoltuar p\u00ebr arrestimet e sotme n\u00eb Bashkin\u00eb e Lushnj\u00ebs duke th\u00ebn\u00eb se shembja e paligjshme e Teatrit \u00ebsht\u00eb m\u00eb e r\u00ebnd\u00ebsishme se kanali i Lushnj\u00ebs dhe SPAK duhet t\u00eb funksionoj\u00eb edhe n\u00eb Tiran\u00eb. N\u00eb postimin e tij ai b\u00ebri nj\u00eb paraleliz\u00ebm t\u00eb [&hellip;]<\/p>\n","protected":false},"author":2030,"featured_media":187030,"comment_status":"closed","ping_status":"closed","sticky":false,"template":"","format":"standard","meta":{"footnotes":""},"categories":[241],"tags":[],"class_list":{"0":"post-192170","1":"post","2":"type-post","3":"status-publish","4":"format-standard","5":"has-post-thumbnail","7":"category-aktualitet"},"_links":{"self":[{"href":"https:\/\/zjarr.tv\/en\/wp-json\/wp\/v2\/posts\/192170","targetHints":{"allow":["GET"]}}],"collection":[{"href":"https:\/\/zjarr.tv\/en\/wp-json\/wp\/v2\/posts"}],"about":[{"href":"https:\/\/zjarr.tv\/en\/wp-json\/wp\/v2\/types\/post"}],"author":[{"embeddable":true,"href":"https:\/\/zjarr.tv\/en\/wp-json\/wp\/v2\/users\/2030"}],"replies":[{"embeddable":true,"href":"https:\/\/zjarr.tv\/en\/wp-json\/wp\/v2\/comments?post=192170"}],"version-history":[{"count":0,"href":"https:\/\/zjarr.tv\/en\/wp-json\/wp\/v2\/posts\/192170\/revisions"}],"wp:featuredmedia":[{"embeddable":true,"href":"https:\/\/zjarr.tv\/en\/wp-json\/wp\/v2\/media\/187030"}],"wp:attachment":[{"href":"https:\/\/zjarr.tv\/en\/wp-json\/wp\/v2\/media?parent=192170"}],"wp:term":[{"taxonomy":"category","embeddable":true,"href":"https:\/\/zjarr.tv\/en\/wp-json\/wp\/v2\/categories?post=192170"},{"taxonomy":"post_tag","embeddable":true,"href":"https:\/\/zjarr.tv\/en\/wp-json\/wp\/v2\/tags?post=192170"}],"curies":[{"name":"wp","href":"https:\/\/api.w.org\/{rel}","templated":true}]}}