{"id":192175,"date":"2021-07-06T13:43:29","date_gmt":"2021-07-06T11:43:29","guid":{"rendered":"https:\/\/zjarr.tv\/?p=192175"},"modified":"2021-07-06T13:43:29","modified_gmt":"2021-07-06T11:43:29","slug":"moren-para-per-operacionin-e-elmidin-dylit-te-plagosur-nga-masakra-e-velipojes-gjykata-le-ne-burg-dy-mjeket-e-qsut","status":"publish","type":"post","link":"https:\/\/zjarr.tv\/en\/moren-para-per-operacionin-e-elmidin-dylit-te-plagosur-nga-masakra-e-velipojes-gjykata-le-ne-burg-dy-mjeket-e-qsut\/","title":{"rendered":"Mor\u00ebn para p\u00ebr operacionin e Elmidin Dylit t\u00eb plagosur nga masakra e Velipoj\u00ebs, Gjykata le n\u00eb burg dy mjek\u00ebt e QSUT"},"content":{"rendered":"<p style=\"background: white; margin: 0in 0in 19.5pt 0in;\">Gjykata e Shkall\u00ebs s\u00eb par\u00eb n\u00eb Shkod\u00ebr ka dh\u00ebn\u00eb vendimin \u201carrest me burg\u201d p\u00ebr dy mjek\u00ebt, Ervin Sulaj dhe Serdi Memini si dhe p\u00ebr infermieren Diell\u00eb Macaj.<\/p>\n<p style=\"background: white; -webkit-tap-highlight-color: transparent !important; box-sizing: border-box; overflow-wrap: break-word; font-variant-ligatures: normal; font-variant-caps: normal; orphans: 2; widows: 2; -webkit-text-stroke-width: 0px; text-decoration-thickness: initial; text-decoration-style: initial; text-decoration-color: initial; word-spacing: 0px; margin: 0in 0in 19.5pt 0in;\">Nd\u00ebrkoh\u00eb p\u00ebr shtetasin Fatbardh Dyli, babai i shtetasit t\u00eb plagosur Elmidin Dyli gjykata dha mas\u00ebn e siguris\u00eb \u201cdetyrim paraqitje\u201d duke e liruar at\u00eb, kjo me k\u00ebrkes\u00eb t\u00eb prokuroris\u00eb s\u00eb Shkodr\u00ebs.<\/p>\n<p style=\"background: white; -webkit-tap-highlight-color: transparent !important; box-sizing: border-box; overflow-wrap: break-word; font-variant-ligatures: normal; font-variant-caps: normal; orphans: 2; widows: 2; -webkit-text-stroke-width: 0px; text-decoration-thickness: initial; text-decoration-style: initial; text-decoration-color: initial; word-spacing: 0px; margin: 0in 0in 19.5pt 0in;\">Ka qen\u00eb bashk\u00ebshortja e Fatbardh Dyli ajo e cila gjat\u00eb nj\u00eb bisede telefonike i ka th\u00ebn\u00eb infermieres Macaj se do t\u2019i \u00e7oj\u00eb dhurat\u00eb 500 mij\u00eb lekt\u00eb t\u00eb vjet\u00ebra doktorit, por pa p\u00ebrmendur emrin cilit prej tyre.<\/p>\n<p style=\"background: white; -webkit-tap-highlight-color: transparent !important; box-sizing: border-box; overflow-wrap: break-word; font-variant-ligatures: normal; font-variant-caps: normal; orphans: 2; widows: 2; -webkit-text-stroke-width: 0px; text-decoration-thickness: initial; text-decoration-style: initial; text-decoration-color: initial; word-spacing: 0px; margin: 0in 0in 19.5pt 0in;\">Infermierja e ka mb\u00ebshtetur n\u00eb at\u00eb bised\u00eb duke i th\u00ebn\u00eb se \u201c\u00ebsht\u00eb mir\u00eb t\u2019ia d\u00ebrgosh dhurat\u00ebn\u201d.<\/p>\n<p style=\"background: white; -webkit-tap-highlight-color: transparent !important; box-sizing: border-box; overflow-wrap: break-word; font-variant-ligatures: normal; font-variant-caps: normal; orphans: 2; widows: 2; -webkit-text-stroke-width: 0px; text-decoration-thickness: initial; text-decoration-style: initial; text-decoration-color: initial; word-spacing: 0px; margin: 0in 0in 19.5pt 0in;\">Menj\u00ebher\u00eb policia e cila kishte n\u00ebn v\u00ebzhgim familjen Dyli pas ngjarjes s\u00eb r\u00ebnd\u00eb n\u00eb Velipoj\u00eb m\u00eb 27 qershor, ku mbet\u00ebn t\u00eb vrar\u00eb kat\u00ebr persona dhe dy t\u00eb plagosur, ku nj\u00eb prej t\u00eb plagosurve ishte edhe djali i tyre tyre 17 vje\u00e7ar Elmidin Dyli b\u00ebri arrestimin e dy mjek\u00ebve kirurg t\u00eb spitalit \u201cN\u00ebn\u00eb Tereza\u201d n\u00eb Tiran\u00eb, infermieres n\u00eb Shkod\u00ebr Diell\u00eb Macaj q\u00eb \u00ebsht\u00eb nj\u00eb e njohur e familjes Dyli si dhe babait Fatbardh Dyli, i cili u lirua me mas\u00ebn \u201cdetyrim paraqitje\u201d p\u00ebr shkak se nuk rezulton t\u00eb ket\u00eb element t\u00eb vepr\u00ebs penale.<\/p>\n<p style=\"background: white; -webkit-tap-highlight-color: transparent !important; box-sizing: border-box; overflow-wrap: break-word; font-variant-ligatures: normal; font-variant-caps: normal; orphans: 2; widows: 2; -webkit-text-stroke-width: 0px; text-decoration-thickness: initial; text-decoration-style: initial; text-decoration-color: initial; word-spacing: 0px; margin: 0in 0in 19.5pt 0in;\">Gjykata e shkall\u00ebs s\u00eb par\u00eb n\u00eb Shkod\u00ebr rr\u00ebzoi k\u00ebrkes\u00ebn e prokuroris\u00eb q\u00eb kjo dosje t\u2019i kaloj\u00eb SPAK p\u00ebr hetim t\u00eb m\u00ebtejsh\u00ebm.<\/p>","protected":false},"excerpt":{"rendered":"<p>Gjykata e Shkall\u00ebs s\u00eb par\u00eb n\u00eb Shkod\u00ebr ka dh\u00ebn\u00eb vendimin \u201carrest me burg\u201d p\u00ebr dy mjek\u00ebt, Ervin Sulaj dhe Serdi Memini si dhe p\u00ebr infermieren Diell\u00eb Macaj. Nd\u00ebrkoh\u00eb p\u00ebr shtetasin Fatbardh Dyli, babai i shtetasit t\u00eb plagosur Elmidin Dyli gjykata dha mas\u00ebn e siguris\u00eb \u201cdetyrim paraqitje\u201d duke e liruar at\u00eb, kjo me k\u00ebrkes\u00eb t\u00eb prokuroris\u00eb [&hellip;]<\/p>\n","protected":false},"author":2030,"featured_media":192177,"comment_status":"closed","ping_status":"closed","sticky":false,"template":"","format":"standard","meta":{"footnotes":""},"categories":[241],"tags":[],"class_list":{"0":"post-192175","1":"post","2":"type-post","3":"status-publish","4":"format-standard","5":"has-post-thumbnail","7":"category-aktualitet"},"_links":{"self":[{"href":"https:\/\/zjarr.tv\/en\/wp-json\/wp\/v2\/posts\/192175","targetHints":{"allow":["GET"]}}],"collection":[{"href":"https:\/\/zjarr.tv\/en\/wp-json\/wp\/v2\/posts"}],"about":[{"href":"https:\/\/zjarr.tv\/en\/wp-json\/wp\/v2\/types\/post"}],"author":[{"embeddable":true,"href":"https:\/\/zjarr.tv\/en\/wp-json\/wp\/v2\/users\/2030"}],"replies":[{"embeddable":true,"href":"https:\/\/zjarr.tv\/en\/wp-json\/wp\/v2\/comments?post=192175"}],"version-history":[{"count":0,"href":"https:\/\/zjarr.tv\/en\/wp-json\/wp\/v2\/posts\/192175\/revisions"}],"wp:featuredmedia":[{"embeddable":true,"href":"https:\/\/zjarr.tv\/en\/wp-json\/wp\/v2\/media\/192177"}],"wp:attachment":[{"href":"https:\/\/zjarr.tv\/en\/wp-json\/wp\/v2\/media?parent=192175"}],"wp:term":[{"taxonomy":"category","embeddable":true,"href":"https:\/\/zjarr.tv\/en\/wp-json\/wp\/v2\/categories?post=192175"},{"taxonomy":"post_tag","embeddable":true,"href":"https:\/\/zjarr.tv\/en\/wp-json\/wp\/v2\/tags?post=192175"}],"curies":[{"name":"wp","href":"https:\/\/api.w.org\/{rel}","templated":true}]}}