{"id":192186,"date":"2021-07-06T14:04:24","date_gmt":"2021-07-06T12:04:24","guid":{"rendered":"https:\/\/zjarr.tv\/?p=192186"},"modified":"2021-07-06T14:04:24","modified_gmt":"2021-07-06T12:04:24","slug":"9-kandidate-per-3-vende-vakante-ne-kushtetuese-gjykata-e-larte-i-dergon-emrat-ked-se-gara-per-vendin-e-vitore-tushes-fatmir-hoxhes-dhe-gani-dizdarit","status":"publish","type":"post","link":"https:\/\/zjarr.tv\/en\/9-kandidate-per-3-vende-vakante-ne-kushtetuese-gjykata-e-larte-i-dergon-emrat-ked-se-gara-per-vendin-e-vitore-tushes-fatmir-hoxhes-dhe-gani-dizdarit\/","title":{"rendered":"9 kandidat\u00eb p\u00ebr 3 vende vakante n\u00eb Kushtetuese, Gjykata e Lart\u00eb i d\u00ebrgon emrat KED-s\u00eb; Gara p\u00ebr vendin e Vitore Tush\u00ebs, Fatmir Hoxh\u00ebs dhe Gani Dizdarit"},"content":{"rendered":"<p>N\u00ebnt\u00eb gjyqtar\u00eb dhe avokat\u00eb kan\u00eb konkurruar p\u00ebr 3 vende vakante n\u00eb Gjykat\u00ebn Kushtetuese.<\/p>\n<p>Emrat do t\u00eb propozohen nga Gjykata e Lart\u00eb dhe me em\u00ebrimin e tyre, plot\u00ebsohet Kushtetuesja.<\/p>\n<p>N\u00eb list\u00eb jan\u00eb edhe emra t\u00eb kandidat\u00ebve q\u00eb kan\u00eb qen\u00eb m\u00eb her\u00ebt pretendent\u00eb p\u00ebr k\u00ebt\u00eb post.<\/p>\n<p><strong>M\u00eb posht\u00eb, njoftimi i Gjykat\u00ebs s\u00eb Lart\u00eb:<\/strong><\/p>\n<p>Z\u00ebvend\u00ebskryetari i Gjykat\u00ebs s\u00eb Lart\u00eb, bazuar n\u00eb nenin 125 pika 1 t\u00eb Kushtetut\u00ebs si dhe nenin7\/\u00e7 t\u00eb ligjit nr. 8577, dat\u00eb 10.02.2000, \u2018P\u00ebr organizimin dhe funksionimin e Gjykat\u00ebs Kushtetuese t\u00eb Republik\u00ebs s\u00eb Shqip\u00ebris\u00eb\u2019, t\u00eb ndryshuar, n\u00eb dat\u00eb 03.06.2021 ka b\u00ebr\u00eb shpalljen publike p\u00ebr plot\u00ebsimin e 3 vendeve vakante n\u00eb Gjykat\u00ebn Kushtetuese q\u00eb duhen plot\u00ebsuar nga Gjykata e Lart\u00eb, si m\u00eb posht\u00eb:<\/p>\n<ol>\n<li>N\u00eb vendin vakant q\u00eb krijohet pas largimit t\u00eb znj. Vitore Tusha (mandati i plot\u00eb 9 vje\u00e7ar i s\u00eb cil\u00ebs ka mbaruar n\u00eb vitin 2017), zgjidhet gjyqtari i ri, i cili q\u00ebndron n\u00eb detyr\u00eb deri n\u00eb mars t\u00eb vitit 2025;<\/li>\n<li>N\u00eb vendin vakant t\u00eb krijuar pas largimit t\u00eb z. Fatmir Hoxha (mandati i plot\u00eb 9 vje\u00e7ar i t\u00eb cilit ka mbaruar n\u00eb vitin 2020), zgjidhet gjyqtari i ri, i cili q\u00ebndron n\u00eb detyr\u00eb deri n\u00eb muajin qershor t\u00eb vitit 2028;<\/li>\n<li>N\u00eb vendin vakant t\u00eb krijuar pas largimit t\u00eb z. Gani Dizdarit (mandati i plot\u00eb 9 vje\u00e7ar i t\u00eb cilit mbaronte n\u00eb vitin 2022), zgjidhet gjyqtari i ri, i cili q\u00ebndron n\u00eb detyr\u00eb deri n\u00eb muajin mars t\u00eb vitit 2022.<\/li>\n<\/ol>\n<p>Pas p\u00ebrfundimit t\u00eb afatit 30 ditor t\u00eb pranimit t\u00eb k\u00ebrkesave t\u00eb kandidat\u00ebve, kan\u00eb paraqitur k\u00ebrkes\u00eb p\u00ebr t\u00eb konkurruar n\u00eb tre vendet vakante p\u00ebr gjyqtar\u00eb t\u00eb Gjykat\u00ebs Kushtetuese k\u00ebta kandidat\u00eb:<\/p>\n<ol>\n<li><em> Albert Demirneli (p\u00ebr vendin vakant t\u00eb krijuar nga largimi i z. Fatmir Hoxha);<\/em><\/li>\n<li><em> Alket Jaupi (p\u00ebr vendin vakant t\u00eb krijuar nga largimi i z. Fatmir Hoxha);<\/em><\/li>\n<li><em> Dhimitrula Spiro (p\u00ebr vendet vakant t\u00eb krijuar nga largimi i z. Fatmir Hoxha dhe zj. Vitore Tusha);<\/em><\/li>\n<li><em> Ervin Karamu\u00e7o (p\u00ebr vendet vakant t\u00eb krijuar nga largimi i z. Fatmir Hoxha, zj. Vitore Tusha dhe z. Gani Dizdari);<\/em><\/li>\n<li><em> Helena Papa (p\u00ebr vendet vakant t\u00eb krijuar nga largimi i z. Fatmir Hoxha dhe zj. Vitore Tusha);<\/em><\/li>\n<li><em> Saimir Visha (pa specifikim p\u00ebr cilin nga vendet vakant);<\/em><\/li>\n<li><em> Sand\u00ebr Beci (p\u00ebr vendet vakant t\u00eb krijuar nga largimi i z. Fatmir Hoxha dhe zj. Vitore Tusha);<\/em><\/li>\n<li><em> Vat\u00eb Staka (p\u00ebr vendet vakant t\u00eb krijuar nga largimi i z. Fatmir Hoxha dhe zj. Vitore Tusha);<\/em><\/li>\n<li><em> Zhaklina Peto (p\u00ebr vendet vakant t\u00eb krijuar nga largimi i z. Fatmir Hoxha dhe zj. Vitore Tusha).<\/em><\/li>\n<\/ol>\n<p>Bazuar n\u00eb nenin 7\/\u00e7, pika 1 t\u00eb ligjit nr. 8577\/2000 \u2018P\u00ebr organizimin dhe funksionimin e Gjykat\u00ebs Kushtetuese\u2019, t\u00eb ndryshuar, lista e kandidat\u00ebve, si dhe dokumentacioni i paraqitur prej tyre i jan\u00eb d\u00ebrguar K\u00ebshillit t\u00eb Em\u00ebrimeve n\u00eb Drejt\u00ebsi p\u00ebr vler\u00ebsimin e kushteve dhe kritereve t\u00eb em\u00ebrimit t\u00eb gjyqtar\u00ebve n\u00eb Gjykat\u00ebn Kushtetuese.<\/p>\n<p>&nbsp;<\/p>","protected":false},"excerpt":{"rendered":"<p>N\u00ebnt\u00eb gjyqtar\u00eb dhe avokat\u00eb kan\u00eb konkurruar p\u00ebr 3 vende vakante n\u00eb Gjykat\u00ebn Kushtetuese. Emrat do t\u00eb propozohen nga Gjykata e Lart\u00eb dhe me em\u00ebrimin e tyre, plot\u00ebsohet Kushtetuesja. N\u00eb list\u00eb jan\u00eb edhe emra t\u00eb kandidat\u00ebve q\u00eb kan\u00eb qen\u00eb m\u00eb her\u00ebt pretendent\u00eb p\u00ebr k\u00ebt\u00eb post. M\u00eb posht\u00eb, njoftimi i Gjykat\u00ebs s\u00eb Lart\u00eb: Z\u00ebvend\u00ebskryetari i Gjykat\u00ebs s\u00eb [&hellip;]<\/p>\n","protected":false},"author":2030,"featured_media":192187,"comment_status":"closed","ping_status":"closed","sticky":false,"template":"","format":"standard","meta":{"footnotes":""},"categories":[241],"tags":[],"class_list":{"0":"post-192186","1":"post","2":"type-post","3":"status-publish","4":"format-standard","5":"has-post-thumbnail","7":"category-aktualitet"},"_links":{"self":[{"href":"https:\/\/zjarr.tv\/en\/wp-json\/wp\/v2\/posts\/192186","targetHints":{"allow":["GET"]}}],"collection":[{"href":"https:\/\/zjarr.tv\/en\/wp-json\/wp\/v2\/posts"}],"about":[{"href":"https:\/\/zjarr.tv\/en\/wp-json\/wp\/v2\/types\/post"}],"author":[{"embeddable":true,"href":"https:\/\/zjarr.tv\/en\/wp-json\/wp\/v2\/users\/2030"}],"replies":[{"embeddable":true,"href":"https:\/\/zjarr.tv\/en\/wp-json\/wp\/v2\/comments?post=192186"}],"version-history":[{"count":0,"href":"https:\/\/zjarr.tv\/en\/wp-json\/wp\/v2\/posts\/192186\/revisions"}],"wp:featuredmedia":[{"embeddable":true,"href":"https:\/\/zjarr.tv\/en\/wp-json\/wp\/v2\/media\/192187"}],"wp:attachment":[{"href":"https:\/\/zjarr.tv\/en\/wp-json\/wp\/v2\/media?parent=192186"}],"wp:term":[{"taxonomy":"category","embeddable":true,"href":"https:\/\/zjarr.tv\/en\/wp-json\/wp\/v2\/categories?post=192186"},{"taxonomy":"post_tag","embeddable":true,"href":"https:\/\/zjarr.tv\/en\/wp-json\/wp\/v2\/tags?post=192186"}],"curies":[{"name":"wp","href":"https:\/\/api.w.org\/{rel}","templated":true}]}}