{"id":192195,"date":"2021-07-06T14:44:30","date_gmt":"2021-07-06T12:44:30","guid":{"rendered":"https:\/\/zjarr.tv\/?p=192195"},"modified":"2021-07-06T14:47:03","modified_gmt":"2021-07-06T12:47:03","slug":"beri-135-mije-euro-me-punen-si-kamionist-ne-itali-kpk-jep-vendimin-per-gjyqtarin-e-tiranes","status":"publish","type":"post","link":"https:\/\/zjarr.tv\/en\/beri-135-mije-euro-me-punen-si-kamionist-ne-itali-kpk-jep-vendimin-per-gjyqtarin-e-tiranes\/","title":{"rendered":"B\u00ebri 135 mij\u00eb euro me pun\u00ebn si kamionist n\u00eb Itali, KPK jep vendimin p\u00ebr gjyqtarin e Tiran\u00ebs\u2026"},"content":{"rendered":"<p style=\"line-height: 19.5pt; background: white; margin: 0in 0in 18.75pt 0in;\"><span style=\"color: #2c2f34;\">Komisioni i Pavarur i Kualifikimit, ka mbajtur sot seanc\u00ebn e rradh\u00ebs p\u00ebr objektin e shqyrtimit, gjyqtarin pran\u00eb Gjykat\u00ebs s\u00eb Rrethit gjyq\u00ebsor Tiran\u00eb, Kreshnik Omari.<\/span><\/p>\n<p style=\"line-height: 19.5pt; background: white; outline: none; box-sizing: border-box; font-variant-ligatures: normal; font-variant-caps: normal; orphans: 2; text-align: start; widows: 2; -webkit-text-stroke-width: 0px; text-decoration-thickness: initial; text-decoration-style: initial; text-decoration-color: initial; word-spacing: 0px; margin: 0in 0in 18.75pt 0in;\"><span style=\"color: #2c2f34;\">Procesi i vettingut p\u00ebr Omarin u krye nga trupi gjykues i KPK i kyesuar nga Olsi Komici, me relatore Valbona Shanxhaktarin dhe an\u00ebtare Xhensila Pinen.<\/span><\/p>\n<p style=\"line-height: 19.5pt; background: white; outline: none; box-sizing: border-box; font-variant-ligatures: normal; font-variant-caps: normal; orphans: 2; text-align: start; widows: 2; -webkit-text-stroke-width: 0px; text-decoration-thickness: initial; text-decoration-style: initial; text-decoration-color: initial; word-spacing: 0px; margin: 0in 0in 18.75pt 0in;\"><span style=\"color: #2c2f34;\">Komisioni i Pavarur i Kualifikimit konstatoi mungesa financiare t\u00eb gjyqtarit t\u00eb Tiran\u00ebs, Kreshnik Omari p\u00ebr krijimin e nj\u00eb depozite 135 mij\u00eb euro, me burime m\u00eb s\u00eb shumti t\u00eb ardhurat nga puna si shofer kamioni n\u00eb Itali, si dhe u ngrit\u00ebn dyshime p\u00ebr fshehje t\u00eb pasurive n\u00eb em\u00ebr t\u00eb prind\u00ebrve.<\/span><\/p>\n<p style=\"line-height: 19.5pt; background: white; outline: none; box-sizing: border-box; font-variant-ligatures: normal; font-variant-caps: normal; orphans: 2; text-align: start; widows: 2; -webkit-text-stroke-width: 0px; text-decoration-thickness: initial; text-decoration-style: initial; text-decoration-color: initial; word-spacing: 0px; margin: 0in 0in 18.75pt 0in;\"><span style=\"color: #2c2f34;\">Kreshnik Omari, e ka filluar karrier\u00ebn n\u00eb sistemin e drejt\u00ebsis\u00eb n\u00eb vitin 1997 dhe punon p\u00ebr m\u00eb shum\u00eb se dy dekada n\u00eb Gjykat\u00ebn e Rrethit Gjyq\u00ebsor Tiran\u00eb.<\/span><\/p>\n<p><img loading=\"lazy\" decoding=\"async\" class=\"alignnone size-full wp-image-192198\" src=\"https:\/\/zjarr.tv\/wp-content\/uploads\/2021\/07\/f.png\" alt=\"\" width=\"599\" height=\"574\" srcset=\"https:\/\/zjarr.tv\/wp-content\/uploads\/2021\/07\/f.png 599w, https:\/\/zjarr.tv\/wp-content\/uploads\/2021\/07\/f-300x287.png 300w, https:\/\/zjarr.tv\/wp-content\/uploads\/2021\/07\/f-438x420.png 438w\" sizes=\"auto, (max-width: 599px) 100vw, 599px\" \/><\/p>","protected":false},"excerpt":{"rendered":"<p>Komisioni i Pavarur i Kualifikimit, ka mbajtur sot seanc\u00ebn e rradh\u00ebs p\u00ebr objektin e shqyrtimit, gjyqtarin pran\u00eb Gjykat\u00ebs s\u00eb Rrethit gjyq\u00ebsor Tiran\u00eb, Kreshnik Omari. Procesi i vettingut p\u00ebr Omarin u krye nga trupi gjykues i KPK i kyesuar nga Olsi Komici, me relatore Valbona Shanxhaktarin dhe an\u00ebtare Xhensila Pinen. Komisioni i Pavarur i Kualifikimit konstatoi [&hellip;]<\/p>\n","protected":false},"author":2016,"featured_media":192197,"comment_status":"closed","ping_status":"closed","sticky":false,"template":"","format":"standard","meta":{"footnotes":""},"categories":[241],"tags":[4184],"class_list":{"0":"post-192195","1":"post","2":"type-post","3":"status-publish","4":"format-standard","5":"has-post-thumbnail","7":"category-aktualitet","8":"tag-lajme-zjarr-135-mije-euro-me-punen-zjarr-tv"},"_links":{"self":[{"href":"https:\/\/zjarr.tv\/en\/wp-json\/wp\/v2\/posts\/192195","targetHints":{"allow":["GET"]}}],"collection":[{"href":"https:\/\/zjarr.tv\/en\/wp-json\/wp\/v2\/posts"}],"about":[{"href":"https:\/\/zjarr.tv\/en\/wp-json\/wp\/v2\/types\/post"}],"author":[{"embeddable":true,"href":"https:\/\/zjarr.tv\/en\/wp-json\/wp\/v2\/users\/2016"}],"replies":[{"embeddable":true,"href":"https:\/\/zjarr.tv\/en\/wp-json\/wp\/v2\/comments?post=192195"}],"version-history":[{"count":0,"href":"https:\/\/zjarr.tv\/en\/wp-json\/wp\/v2\/posts\/192195\/revisions"}],"wp:featuredmedia":[{"embeddable":true,"href":"https:\/\/zjarr.tv\/en\/wp-json\/wp\/v2\/media\/192197"}],"wp:attachment":[{"href":"https:\/\/zjarr.tv\/en\/wp-json\/wp\/v2\/media?parent=192195"}],"wp:term":[{"taxonomy":"category","embeddable":true,"href":"https:\/\/zjarr.tv\/en\/wp-json\/wp\/v2\/categories?post=192195"},{"taxonomy":"post_tag","embeddable":true,"href":"https:\/\/zjarr.tv\/en\/wp-json\/wp\/v2\/tags?post=192195"}],"curies":[{"name":"wp","href":"https:\/\/api.w.org\/{rel}","templated":true}]}}