{"id":192212,"date":"2021-07-06T16:07:31","date_gmt":"2021-07-06T14:07:31","guid":{"rendered":"https:\/\/zjarr.tv\/?p=192212"},"modified":"2021-07-06T16:07:31","modified_gmt":"2021-07-06T14:07:31","slug":"pjese-e-sherrit-masiv-mes-vezhguesve-dhe-numeruesve-te-pd-ps-ne-zgjedhjet-e-25-prillit-arrestohet-26-vjecari","status":"publish","type":"post","link":"https:\/\/zjarr.tv\/en\/pjese-e-sherrit-masiv-mes-vezhguesve-dhe-numeruesve-te-pd-ps-ne-zgjedhjet-e-25-prillit-arrestohet-26-vjecari\/","title":{"rendered":"Pjes\u00eb e sherrit masiv mes v\u00ebzhguesve dhe num\u00ebruesve t\u00eb PD-PS n\u00eb zgjedhjet e 25 prillit, arrestohet 26-vje\u00e7ari"},"content":{"rendered":"<p>Policia e Shtetit njofton se ka b\u00ebr\u00eb t\u00eb mundur arrestimin e nj\u00eb 26-vje\u00e7ari, i identifikuar si Armand St\u00ebrmasi, i cili ishte shpallur n\u00eb k\u00ebrkim pasi ishte pjes\u00eb e nj\u00eb sherri masiv t\u00eb regjistruar n\u00eb nj\u00eb nga qendrat e votimit gjat\u00eb zgjedhjeve t\u00eb 25 prillit.<\/p>\n<p>Policia raporton se i riu \u00ebsht\u00eb akuzuar p\u00ebr veprat penale \u201cShkelja e fsheht\u00ebsis\u00eb s\u00eb votimit\u201d dhe \u201cKanosja apo dhunimi i pjes\u00ebmarr\u00ebsve n\u00eb zgjedhje\u201d. Ngjarja ka ndodhur n\u00eb 26 prill gjat\u00eb procesit t\u00eb num\u00ebrimit t\u00eb votave n\u00eb Qendr\u00ebn e Votimit tek shkolla \u201c1 Maji\u201d. P\u00ebrplasja fizike ka ndodhur mes v\u00ebzhguesve dhe num\u00ebruesve t\u00eb Partis\u00eb Socialiste dhe Demokratike.<\/p>\n<p>\u201cNga specialist\u00ebt p\u00ebr Hetimin e Krimit n\u00eb Komisariatin e Policis\u00eb Nr. 1 u b\u00eb ekzekutimi i mas\u00ebs s\u00eb siguris\u00eb \u201cArrest n\u00eb burg\u201d p\u00ebr shtetasin A. S.(Z)., 26 vje\u00e7, p\u00ebr veprat penale \u201cShkelja e fsheht\u00ebsis\u00eb s\u00eb votimit\u201d dhe \u201cKanosja apo dhunimi i pjes\u00ebmarr\u00ebsve n\u00eb zgjedhje\u201d. Ky shtetas dyshohet se ka qen\u00eb i p\u00ebrfshir\u00eb n\u00eb ngjarjen e dat\u00ebs 26.04.2021, n\u00eb nj\u00eb qend\u00ebr p\u00ebr num\u00ebrimin e votave, ku ka ndodhur nj\u00eb konflikt mes v\u00ebzhguesve dhe num\u00ebruesit t\u00eb votave\u201d -njofton policia n\u00eb lidhje me k\u00ebt\u00eb arrestim.<\/p>\n<p><strong>Njoftimi i plot\u00eb i Policis\u00eb s\u00eb Tiran\u00ebs:<\/strong><\/p>\n<p>Tiran\u00eb<\/p>\n<p>Specialist\u00ebt p\u00ebr Hetimin e Narkotik\u00ebve b\u00ebn\u00eb arrestimin n\u00eb flagranc\u00eb t\u00eb shtetases Xh. K., 20 vje\u00e7e, pasi gjat\u00eb kontrollit fizik t\u00eb ushtruar nga sh\u00ebrbimet e Komisariatit t\u00eb Policis\u00eb Nr. 1, iu gjet dhe iu sekuestrua nj\u00eb sasi me l\u00ebnd\u00eb narkotike kanabis.<\/p>\n<p>Nga specialist\u00ebt p\u00ebr Hetimin e Krimit Ekonomik dhe Financiar u b\u00eb ndalimi i shtetasit Z. Z., 44 vje\u00e7, pasi Gjykata e Shkall\u00ebs Par\u00eb Tiran\u00eb i ka caktuar mas\u00ebn e siguris\u00eb\u00a0 \u201cArrest n\u00eb burg\u201d, p\u00ebr vepr\u00ebn penale \u201cMashtrimi\u201d.<\/p>\n<p>Specialist\u00ebt p\u00ebr Hetimin e Krimit n\u00eb Komisariatin e Policis\u00eb Nr. 4 b\u00ebn\u00eb arrestimin n\u00eb flagranc\u00eb t\u00eb shtetasit K. D., 35 vje\u00e7, i d\u00ebnuar m\u00eb par\u00eb p\u00ebr vepr\u00ebn penale \u201cDhuna n\u00eb familje\u201d, pasi ka ushtruar dhun\u00eb fizike dhe psikologjike ndaj babit t\u00eb tij.<\/p>\n<p>Nga specialist\u00ebt p\u00ebr Hetimin e Krimit n\u00eb Komisariatin e Policis\u00eb Nr. 1 u b\u00eb ekzekutimi i mas\u00ebs s\u00eb siguris\u00eb \u201cArrest n\u00eb burg\u201d p\u00ebr shtetasin A. S.(Z)., 26 vje\u00e7, p\u00ebr veprat penale \u201cShkelja e fsheht\u00ebsis\u00eb s\u00eb votimit\u201d dhe \u201cKanosja apo dhunimi i pjes\u00ebmarr\u00ebsve n\u00eb zgjedhje\u201d. Ky shtetas dyshohet se ka qen\u00eb i p\u00ebrfshir\u00eb n\u00eb ngjarjen e dat\u00ebs 26.04.2021, n\u00eb nj\u00eb qend\u00ebr p\u00ebr num\u00ebrimin e votave, ku ka ndodhur nj\u00eb konflikt mes v\u00ebzhguesve dhe num\u00ebruesit t\u00eb votave.<\/p>\n<p>M\u00eb dat\u00eb 06.07.2021 u referuan materialet n\u00eb Prokurorin\u00eb pran\u00eb Gjykat\u00ebs s\u00eb Shkall\u00ebs s\u00eb Par\u00eb Tiran\u00eb, p\u00ebr shtetasen A. N., 39 vje\u00e7e, pasi babai i nj\u00eb f\u00ebmije t\u00eb mitur ka b\u00ebr\u00eb kall\u00ebzim se shtetasja A. N. ka dhunuar f\u00ebmij\u00ebn e tij.<\/p>\n<p>Materialet u referuan n\u00eb Prokurorin\u00eb pran\u00eb Gjykat\u00ebs s\u00eb Shkall\u00ebs Par\u00eb Tiran\u00eb, p\u00ebr veprime t\u00eb m\u00ebtejshme.<\/p>","protected":false},"excerpt":{"rendered":"<p>Policia e Shtetit njofton se ka b\u00ebr\u00eb t\u00eb mundur arrestimin e nj\u00eb 26-vje\u00e7ari, i identifikuar si Armand St\u00ebrmasi, i cili ishte shpallur n\u00eb k\u00ebrkim pasi ishte pjes\u00eb e nj\u00eb sherri masiv t\u00eb regjistruar n\u00eb nj\u00eb nga qendrat e votimit gjat\u00eb zgjedhjeve t\u00eb 25 prillit. Policia raporton se i riu \u00ebsht\u00eb akuzuar p\u00ebr veprat penale \u201cShkelja [&hellip;]<\/p>\n","protected":false},"author":2031,"featured_media":192213,"comment_status":"closed","ping_status":"closed","sticky":false,"template":"","format":"standard","meta":{"footnotes":""},"categories":[231],"tags":[],"class_list":{"0":"post-192212","1":"post","2":"type-post","3":"status-publish","4":"format-standard","5":"has-post-thumbnail","7":"category-lajme"},"_links":{"self":[{"href":"https:\/\/zjarr.tv\/en\/wp-json\/wp\/v2\/posts\/192212","targetHints":{"allow":["GET"]}}],"collection":[{"href":"https:\/\/zjarr.tv\/en\/wp-json\/wp\/v2\/posts"}],"about":[{"href":"https:\/\/zjarr.tv\/en\/wp-json\/wp\/v2\/types\/post"}],"author":[{"embeddable":true,"href":"https:\/\/zjarr.tv\/en\/wp-json\/wp\/v2\/users\/2031"}],"replies":[{"embeddable":true,"href":"https:\/\/zjarr.tv\/en\/wp-json\/wp\/v2\/comments?post=192212"}],"version-history":[{"count":0,"href":"https:\/\/zjarr.tv\/en\/wp-json\/wp\/v2\/posts\/192212\/revisions"}],"wp:featuredmedia":[{"embeddable":true,"href":"https:\/\/zjarr.tv\/en\/wp-json\/wp\/v2\/media\/192213"}],"wp:attachment":[{"href":"https:\/\/zjarr.tv\/en\/wp-json\/wp\/v2\/media?parent=192212"}],"wp:term":[{"taxonomy":"category","embeddable":true,"href":"https:\/\/zjarr.tv\/en\/wp-json\/wp\/v2\/categories?post=192212"},{"taxonomy":"post_tag","embeddable":true,"href":"https:\/\/zjarr.tv\/en\/wp-json\/wp\/v2\/tags?post=192212"}],"curies":[{"name":"wp","href":"https:\/\/api.w.org\/{rel}","templated":true}]}}