{"id":192233,"date":"2021-07-06T17:18:47","date_gmt":"2021-07-06T15:18:47","guid":{"rendered":"https:\/\/zjarr.tv\/?p=192233"},"modified":"2021-07-06T17:18:47","modified_gmt":"2021-07-06T15:18:47","slug":"kapet-nje-sasi-e-madhe-tritoli-ne-lezhe-arrestohet-poseduesi-i-saj","status":"publish","type":"post","link":"https:\/\/zjarr.tv\/en\/kapet-nje-sasi-e-madhe-tritoli-ne-lezhe-arrestohet-poseduesi-i-saj\/","title":{"rendered":"Kapet nj\u00eb sasi e madhe tritoli n\u00eb Lezh\u00eb, arrestohet poseduesi i saj"},"content":{"rendered":"<p>Nj\u00eb sasi e konsiderueshme l\u00ebnd\u00eb shp\u00ebrthyese, tritol, \u00ebsht\u00eb kapur pak m\u00eb par\u00eb n\u00eb nj\u00eb aksion t\u00eb zhvilluar nga Policia e Lezh\u00ebs dhe \u00ebsht\u00eb b\u00ebr\u00eb i mundur v\u00ebnia n\u00eb pranga e poseduesit t\u00eb saj.<\/p>\n<p>Aksioni i bluve \u00ebsht\u00eb zhvilluar n\u00eb Manati t\u00eb Lezh\u00ebs, nd\u00ebrsa raportohet se n\u00eb pranga ka r\u00ebn\u00eb shtetasi Marjan P\u00ebrgjoni, me arsim 9 klas\u00eb, i cili dyshohet se \u00ebsht\u00eb edhe poseduesi i k\u00ebsaj sasie.<\/p>\n<p>Raportohet se k\u00ebtij shtetasi, gjat\u00eb kontrollit n\u00eb banes\u00eb, i \u00ebsht\u00eb gjetur nj\u00eb sasi l\u00ebnd\u00eb plas\u00ebse me pesh\u00eb 625 gr, t\u00eb cil\u00ebn e mbante pa leje.<\/p>\n<p>Nd\u00ebrkoh\u00eb, vijojn\u00eb hetimet nga ana e policis\u00eb p\u00ebr zbardhjen e plot\u00eb t\u00eb ngjarjes dhe zbulimin e personave t\u00eb tjer\u00eb t\u00eb p\u00ebrfshir\u00eb.<\/p>\n<p>Njoftimi i plot\u00eb i policis\u00eb:<\/p>\n<p>M\u00eb date 06.07.2021, ora 13.30, u b\u00eb arrestimi n\u00eb flagranc\u00eb i shtetasit Marjan Pal P\u00ebrgjoka, i dat\u00eblindjes 18.02.1986, banues n\u00eb Manati Lezh\u00eb, me arsim 9 klas\u00eb, sepse m\u00eb dat\u00ebn 06.07.2021, n\u00eb banes\u00eb i \u00ebsht\u00eb gjetur nj\u00eb sasi l\u00ebnd\u00eb plas\u00ebse me pesh\u00eb 625 gr, t\u00eb cil\u00ebn e mbante pa leje. Neni 278\/3 i K.P.<\/p>","protected":false},"excerpt":{"rendered":"<p>Nj\u00eb sasi e konsiderueshme l\u00ebnd\u00eb shp\u00ebrthyese, tritol, \u00ebsht\u00eb kapur pak m\u00eb par\u00eb n\u00eb nj\u00eb aksion t\u00eb zhvilluar nga Policia e Lezh\u00ebs dhe \u00ebsht\u00eb b\u00ebr\u00eb i mundur v\u00ebnia n\u00eb pranga e poseduesit t\u00eb saj. Aksioni i bluve \u00ebsht\u00eb zhvilluar n\u00eb Manati t\u00eb Lezh\u00ebs, nd\u00ebrsa raportohet se n\u00eb pranga ka r\u00ebn\u00eb shtetasi Marjan P\u00ebrgjoni, me arsim 9 [&hellip;]<\/p>\n","protected":false},"author":2031,"featured_media":192234,"comment_status":"closed","ping_status":"closed","sticky":false,"template":"","format":"standard","meta":{"footnotes":""},"categories":[231],"tags":[],"class_list":{"0":"post-192233","1":"post","2":"type-post","3":"status-publish","4":"format-standard","5":"has-post-thumbnail","7":"category-lajme"},"_links":{"self":[{"href":"https:\/\/zjarr.tv\/en\/wp-json\/wp\/v2\/posts\/192233","targetHints":{"allow":["GET"]}}],"collection":[{"href":"https:\/\/zjarr.tv\/en\/wp-json\/wp\/v2\/posts"}],"about":[{"href":"https:\/\/zjarr.tv\/en\/wp-json\/wp\/v2\/types\/post"}],"author":[{"embeddable":true,"href":"https:\/\/zjarr.tv\/en\/wp-json\/wp\/v2\/users\/2031"}],"replies":[{"embeddable":true,"href":"https:\/\/zjarr.tv\/en\/wp-json\/wp\/v2\/comments?post=192233"}],"version-history":[{"count":0,"href":"https:\/\/zjarr.tv\/en\/wp-json\/wp\/v2\/posts\/192233\/revisions"}],"wp:featuredmedia":[{"embeddable":true,"href":"https:\/\/zjarr.tv\/en\/wp-json\/wp\/v2\/media\/192234"}],"wp:attachment":[{"href":"https:\/\/zjarr.tv\/en\/wp-json\/wp\/v2\/media?parent=192233"}],"wp:term":[{"taxonomy":"category","embeddable":true,"href":"https:\/\/zjarr.tv\/en\/wp-json\/wp\/v2\/categories?post=192233"},{"taxonomy":"post_tag","embeddable":true,"href":"https:\/\/zjarr.tv\/en\/wp-json\/wp\/v2\/tags?post=192233"}],"curies":[{"name":"wp","href":"https:\/\/api.w.org\/{rel}","templated":true}]}}