{"id":192248,"date":"2021-07-06T18:01:18","date_gmt":"2021-07-06T16:01:18","guid":{"rendered":"https:\/\/zjarr.tv\/?p=192248"},"modified":"2021-07-06T18:01:18","modified_gmt":"2021-07-06T16:01:18","slug":"erion-veliajt-do-ti-duhen-shume-vite-jete-qe-te-dale-nga-qelia-shperthen-avokatja-kalaja-spak-te-mos-ndalet-vetem-me-lushnjen-por-te-shikoje-edhe-bashkine-e-tiranes","status":"publish","type":"post","link":"https:\/\/zjarr.tv\/en\/erion-veliajt-do-ti-duhen-shume-vite-jete-qe-te-dale-nga-qelia-shperthen-avokatja-kalaja-spak-te-mos-ndalet-vetem-me-lushnjen-por-te-shikoje-edhe-bashkine-e-tiranes\/","title":{"rendered":"\u2018Erion Veliajt do t\u2019i duhen shum\u00eb vite jet\u00eb q\u00eb t\u00eb dal\u00eb nga qelia\u2019, shp\u00ebrthen avokatja Kalaja: SPAK t\u00eb mos ndalet vet\u00ebm me Lushnjen, por t\u00eb shikoj\u00eb edhe Bashkin\u00eb e Tiran\u00ebs!"},"content":{"rendered":"<p>Adriana Kalaja, avokatja e Aleanc\u00ebs p\u00ebr Mbrojtjen e Teatrit, e ftuar n\u00eb studion e \u2018Fax News\u2019 ka komentuar vendimin m\u00eb t\u00eb fundit t\u00eb Gjykat\u00ebs Kushtetuese p\u00ebrsa i p\u00ebrket \u00e7\u00ebshtjes s\u00eb Teatrit Komb\u00ebtar, ku ka pranuar pjes\u00ebrisht k\u00ebrkes\u00ebn e Presidentit Meta p\u00ebr shfuqizimin e ligjit p\u00ebr \u201cP\u00ebr p\u00ebrcaktimin e procedur\u00ebs s\u00eb ve\u00e7ant\u00eb p\u00ebr vler\u00ebsimin, negocimin dhe lidhjen e kontrat\u00ebs me objekt \u201cProjektimi dhe realizimi i projektit urban dhe godin\u00ebs s\u00eb re t\u00eb Teatrit Komb\u00ebtar\u201d\u201d (ligji nr. 37\/2018), si i papajtuesh\u00ebm me Kushtetut\u00ebn dhe me marr\u00ebveshjet nd\u00ebrkomb\u00ebtare.<\/p>\n<p>N\u00eb lidhje me k\u00ebt\u00eb \u00e7\u00ebshtje, avokatja Kalaja \u00ebsht\u00eb shprehur se ky ishte nj\u00eb vendim i drejt\u00eb i nd\u00ebrmarr\u00eb nga kjo gjykat\u00eb, duke shpallur k\u00ebshtu fitoren p\u00ebrsa i p\u00ebrket k\u00ebsaj c\u00ebshtjeje, mir\u00ebpo sipas saj, lufta e tyre nuk do t\u00eb ndalet k\u00ebtu, pasi pritet q\u00eb n\u00eb dit\u00ebt n\u00eb vijim t\u00eb depozitojn\u00eb nj\u00eb padi ndaj ambasadorit t\u00eb BE-s\u00eb n\u00eb vendin ton\u00eb, Luggi Soreca, i cili sipas saj, ka nd\u00ebrhyr\u00eb, n\u00eb bashk\u00ebpunim me kryebashkiakun e Tiran\u00ebs, Erion Veliaj, p\u00ebrpara se t\u00eb merrej vendimi p\u00ebr teatrin.<\/p>\n<p>\u201cNe nuk e dim\u00eb se si ka votuar Gjykata Kushtetuese. Ne kemi fituar n\u00eb k\u00ebt\u00eb institucion dhe nuk e dim\u00eb fare se kush \u00ebsht\u00eb shumica e kush \u00ebsht\u00eb pakica aty. Megjithat\u00eb ne do t\u00eb nd\u00ebrmarrim t\u00eb gjith\u00eb hapet e tjer\u00eb ligjor\u00eb, sepse ne nuk mendojm\u00eb, por ne e akuzojm\u00eb z. Soreca q\u00eb ka nd\u00ebrhyr\u00eb dhe p\u00ebr k\u00ebt\u00eb ka konsumuar nj\u00eb vep\u00ebr penale, n\u00eb bashk\u00ebpunim me Erion Veliajn.<\/p>\n<p>K\u00ebshtu q\u00eb n\u00eb dit\u00ebt n\u00eb vijim do t\u2019ju v\u00ebm\u00eb n\u00eb dijeni t\u00eb kall\u00ebzimit penal q\u00eb po p\u00ebrgatisim ndaj z. Soreca, p\u00ebr t\u00eb treguar p\u00ebrpara publikut dhe organeve t\u00eb drejt\u00ebsis\u00eb, se ne megjith\u00ebse e fituam gjyqin, p\u00ebr ne ka r\u00ebnd\u00ebsi d\u00ebnimi i nj\u00eb vepre penale.\u201d, \u00ebsht\u00eb shprehur n\u00eb lidhje me k\u00ebt\u00eb tem\u00eb avokatja Kalaja.<\/p>\n<p>Nd\u00ebrkoh\u00eb, duke komentuar edhe aksionin e sot\u00ebm t\u00eb SPAK n\u00eb qytetin e Lushnjes, ku u arrestuan 11 persona, mes tyre edhe kryetari i Bashkis\u00eb s\u00eb Lushnjes, Fatos Tushe, Kalaja u shpreh se shpreson q\u00eb kjo l\u00ebvizje e SPAK t\u00eb mos ndalet vet\u00ebm aty, por t\u00eb vazhdoj\u00eb edhe n\u00eb Bashkin\u00eb e Tiran\u00ebs, ku shkeljet sipas saj jan\u00eb galoponte.<\/p>\n<p>\u201cAksioni i fundit i SPAK n\u00eb Bashkin\u00eb e Lushnjes ne na jep shpres\u00eb se kjo frym\u00eb do t\u00eb vazhdoj\u00eb edhe n\u00eb Bashkin\u00eb e Tiran\u00ebs. Vet\u00ebm me \u00e7\u00ebshtjen e Teatrit po t\u00eb merret SPAK-u, un\u00eb mendoj se, Erion Veliajt do t\u2019i duhen shum\u00eb vite jet\u00eb q\u00eb t\u00eb dal\u00eb nga qelia.\u201d, u shpreh Kalaja.<\/p>","protected":false},"excerpt":{"rendered":"<p>Adriana Kalaja, avokatja e Aleanc\u00ebs p\u00ebr Mbrojtjen e Teatrit, e ftuar n\u00eb studion e \u2018Fax News\u2019 ka komentuar vendimin m\u00eb t\u00eb fundit t\u00eb Gjykat\u00ebs Kushtetuese p\u00ebrsa i p\u00ebrket \u00e7\u00ebshtjes s\u00eb Teatrit Komb\u00ebtar, ku ka pranuar pjes\u00ebrisht k\u00ebrkes\u00ebn e Presidentit Meta p\u00ebr shfuqizimin e ligjit p\u00ebr \u201cP\u00ebr p\u00ebrcaktimin e procedur\u00ebs s\u00eb ve\u00e7ant\u00eb p\u00ebr vler\u00ebsimin, negocimin dhe [&hellip;]<\/p>\n","protected":false},"author":2031,"featured_media":192249,"comment_status":"closed","ping_status":"closed","sticky":false,"template":"","format":"standard","meta":{"footnotes":""},"categories":[231],"tags":[],"class_list":{"0":"post-192248","1":"post","2":"type-post","3":"status-publish","4":"format-standard","5":"has-post-thumbnail","7":"category-lajme"},"_links":{"self":[{"href":"https:\/\/zjarr.tv\/en\/wp-json\/wp\/v2\/posts\/192248","targetHints":{"allow":["GET"]}}],"collection":[{"href":"https:\/\/zjarr.tv\/en\/wp-json\/wp\/v2\/posts"}],"about":[{"href":"https:\/\/zjarr.tv\/en\/wp-json\/wp\/v2\/types\/post"}],"author":[{"embeddable":true,"href":"https:\/\/zjarr.tv\/en\/wp-json\/wp\/v2\/users\/2031"}],"replies":[{"embeddable":true,"href":"https:\/\/zjarr.tv\/en\/wp-json\/wp\/v2\/comments?post=192248"}],"version-history":[{"count":0,"href":"https:\/\/zjarr.tv\/en\/wp-json\/wp\/v2\/posts\/192248\/revisions"}],"wp:featuredmedia":[{"embeddable":true,"href":"https:\/\/zjarr.tv\/en\/wp-json\/wp\/v2\/media\/192249"}],"wp:attachment":[{"href":"https:\/\/zjarr.tv\/en\/wp-json\/wp\/v2\/media?parent=192248"}],"wp:term":[{"taxonomy":"category","embeddable":true,"href":"https:\/\/zjarr.tv\/en\/wp-json\/wp\/v2\/categories?post=192248"},{"taxonomy":"post_tag","embeddable":true,"href":"https:\/\/zjarr.tv\/en\/wp-json\/wp\/v2\/tags?post=192248"}],"curies":[{"name":"wp","href":"https:\/\/api.w.org\/{rel}","templated":true}]}}