{"id":192253,"date":"2021-07-06T18:26:33","date_gmt":"2021-07-06T16:26:33","guid":{"rendered":"https:\/\/zjarr.tv\/?p=192253"},"modified":"2021-07-06T18:26:33","modified_gmt":"2021-07-06T16:26:33","slug":"bomba-e-frrok-cupit-paralajmeron-arrestimin-qe-do-te-trondite-politiken-shqiptare-ky-eshte-i-pari-nga-peshqit-e-medhenj-qe-do-te-fundoset","status":"publish","type":"post","link":"https:\/\/zjarr.tv\/en\/bomba-e-frrok-cupit-paralajmeron-arrestimin-qe-do-te-trondite-politiken-shqiptare-ky-eshte-i-pari-nga-peshqit-e-medhenj-qe-do-te-fundoset\/","title":{"rendered":"\u201cBomba\u201d e Frrok \u00c7upit, paralajm\u00ebron arrestimin q\u00eb do t\u00eb trondit\u00eb politik\u00ebn shqiptare: Ky \u00ebsht\u00eb i pari nga peshqit e m\u00ebdhenj q\u00eb do t\u00eb fundoset"},"content":{"rendered":"<p>SPAK ka nd\u00ebrmarr\u00eb nj\u00eb tjet\u00ebr operacion t\u00eb fuqish\u00ebm ku jan\u00eb v\u00ebn\u00eb n\u00eb pranga disa zyrtar\u00eb t\u00eb lart\u00eb dhe vet\u00eb kryetari i Bashkis\u00eb s\u00eb Lushnjes, Fatos Tushe.<\/p>\n<p>Sipas analistit Frrok \u00c7upi, \u201ck\u00ebta jan\u00eb t\u00eb korruptuarit m\u00eb t\u00eb vegj\u00ebl.<\/p>\n<p>\u00c7upi shprehet se &#8220;Meta do t\u00eb jet\u00eb i pari nga peshqit e m\u00ebdhenj\u2026&#8221;.<\/p>\n<p>\u00c7upi thot\u00eb se \u201cshteti nuk \u00ebsht\u00eb m\u00eb n\u00eb duart e qytetar\u00ebve, por n\u00eb duart e k\u00ebtyre njer\u00ebzve t\u00eb pushtetsh\u00ebm\u201d.<\/p>\n<p>\u201cKemi sot t\u00eb korruptuarin m\u00eb t\u00eb madh t\u00eb bot\u00ebs (Sali Berish\u00ebn). Nuk \u00ebsht\u00eb shpallur i till\u00eb asnj\u00eb ish-President tjet\u00ebr. K\u00ebtu jan\u00eb aq shum\u00eb t\u00eb korruptuar, sa mund ta vendos\u00ebsh dor\u00ebn te secili.<\/p>\n<p>Krimi k\u00ebtu \u00ebsht\u00eb aq i r\u00ebnd\u00eb, sa ne kemi hyr\u00eb n\u00eb epok\u00ebn e prangave. Duhet t\u00eb kishim hyr\u00eb m\u00eb shpejt. Kemi nj\u00eb sistem me politikan\u00eb shum\u00eb t\u00eb k\u00ebqinj, kemi njer\u00ebz q\u00eb kan\u00eb qeverisur n\u00eb m\u00ebnyr\u00eb tragjike n\u00eb vendin ton\u00eb, sa q\u00eb dhe kriminelin e kan\u00eb l\u00ebn\u00eb t\u00eb b\u00ebhet m\u00eb kriminel se sa ishte. E kan\u00eb l\u00ebn\u00eb dhe hajdutin t\u00eb b\u00ebhet m\u00eb hajdut se sa ishte\u201d.<\/p>\n<p>M\u00eb tej, shprehet se \u201ck\u00ebta pushtetar\u00eb jan\u00eb mpleksur aq keq me krimin sa nuk dalin dot m\u00eb\u201d.<\/p>\n<p>\u201cNjer\u00ebz si Meta, Berisha etj e kan\u00eb l\u00ebn\u00eb veten n\u00eb duart e kriminel\u00ebve dhje tani nuk dalin dot. Vjedhja dhe krimi i qeveritar\u00ebve i ka \u00e7uar t\u00eb krijojn\u00eb figur\u00ebn e p\u00ebrbind\u00ebshit dhe tani nuk shp\u00ebtojm\u00eb dot\u201d, tha \u00c7upi p\u00ebr Top Talk.<\/p>\n<p>&nbsp;<\/p>","protected":false},"excerpt":{"rendered":"<p>SPAK ka nd\u00ebrmarr\u00eb nj\u00eb tjet\u00ebr operacion t\u00eb fuqish\u00ebm ku jan\u00eb v\u00ebn\u00eb n\u00eb pranga disa zyrtar\u00eb t\u00eb lart\u00eb dhe vet\u00eb kryetari i Bashkis\u00eb s\u00eb Lushnjes, Fatos Tushe. Sipas analistit Frrok \u00c7upi, \u201ck\u00ebta jan\u00eb t\u00eb korruptuarit m\u00eb t\u00eb vegj\u00ebl. \u00c7upi shprehet se &#8220;Meta do t\u00eb jet\u00eb i pari nga peshqit e m\u00ebdhenj\u2026&#8221;. \u00c7upi thot\u00eb se \u201cshteti nuk [&hellip;]<\/p>\n","protected":false},"author":2031,"featured_media":192254,"comment_status":"closed","ping_status":"closed","sticky":false,"template":"","format":"standard","meta":{"footnotes":""},"categories":[231],"tags":[],"class_list":{"0":"post-192253","1":"post","2":"type-post","3":"status-publish","4":"format-standard","5":"has-post-thumbnail","7":"category-lajme"},"_links":{"self":[{"href":"https:\/\/zjarr.tv\/en\/wp-json\/wp\/v2\/posts\/192253","targetHints":{"allow":["GET"]}}],"collection":[{"href":"https:\/\/zjarr.tv\/en\/wp-json\/wp\/v2\/posts"}],"about":[{"href":"https:\/\/zjarr.tv\/en\/wp-json\/wp\/v2\/types\/post"}],"author":[{"embeddable":true,"href":"https:\/\/zjarr.tv\/en\/wp-json\/wp\/v2\/users\/2031"}],"replies":[{"embeddable":true,"href":"https:\/\/zjarr.tv\/en\/wp-json\/wp\/v2\/comments?post=192253"}],"version-history":[{"count":0,"href":"https:\/\/zjarr.tv\/en\/wp-json\/wp\/v2\/posts\/192253\/revisions"}],"wp:featuredmedia":[{"embeddable":true,"href":"https:\/\/zjarr.tv\/en\/wp-json\/wp\/v2\/media\/192254"}],"wp:attachment":[{"href":"https:\/\/zjarr.tv\/en\/wp-json\/wp\/v2\/media?parent=192253"}],"wp:term":[{"taxonomy":"category","embeddable":true,"href":"https:\/\/zjarr.tv\/en\/wp-json\/wp\/v2\/categories?post=192253"},{"taxonomy":"post_tag","embeddable":true,"href":"https:\/\/zjarr.tv\/en\/wp-json\/wp\/v2\/tags?post=192253"}],"curies":[{"name":"wp","href":"https:\/\/api.w.org\/{rel}","templated":true}]}}