{"id":192262,"date":"2021-07-06T18:40:59","date_gmt":"2021-07-06T16:40:59","guid":{"rendered":"https:\/\/zjarr.tv\/?p=192262"},"modified":"2021-07-06T18:40:59","modified_gmt":"2021-07-06T16:40:59","slug":"9-dite-nen-pushtetin-e-flakeve-shuhet-zjarri-ne-malin-e-tomorrit-digjen-25-hektare-pyje","status":"publish","type":"post","link":"https:\/\/zjarr.tv\/en\/9-dite-nen-pushtetin-e-flakeve-shuhet-zjarri-ne-malin-e-tomorrit-digjen-25-hektare-pyje\/","title":{"rendered":"9 dit\u00eb n\u00ebn \u201cpushtetin\u201d e flak\u00ebve, shuhet zjarri n\u00eb malin e Tomorrit, digjen 25 hektar\u00eb pyje"},"content":{"rendered":"<p>Prej 9 dit\u00ebsh n\u00ebn \u201cpushtetin\u201d e flak\u00ebve, shuhet sot zjarri n\u00eb malin e Tomorrit. Nga flak\u00ebt q\u00eb u p\u00ebrhap\u00ebn me shpejt\u00ebsi, u dogj nj\u00eb pasuri komb\u00ebtare prej rreth 25 hektar\u00eb pyje.<\/p>\n<p>P\u00ebr disa dit\u00eb radhazi forcat zjarrfik\u00ebse dhe ato t\u00eb ushtris\u00eb punuan pa nd\u00ebrprerje p\u00ebr shuarjen e zjarrit masiv.<\/p>\n<p>P\u00ebr shkak t\u00eb terrenit malor, zjarrfik\u00ebset e kan\u00eb patur mjaft t\u00eb v\u00ebshtir\u00eb t\u00eb nd\u00ebrhynin nga toka, nd\u00ebrsa p\u00ebr fikjen e zjarrit \u00ebsht\u00eb dashur edhe ndihma e zjarrfik\u00ebses s\u00eb Poli\u00e7anit dhe t\u00eb Poshnj\u00ebs.<\/p>\n<p>Gjithashtu p\u00ebr shuarjen e zjarrit \u00ebsht\u00eb p\u00ebrdorur edhe helikopteri nga FA. Theksojm\u00eb se edhe banor\u00ebt e zonave p\u00ebrreth u angzhuan, duke p\u00ebrdorur mjete rrethanore p\u00ebr t\u00eb shp\u00ebtuar pyjet e k\u00ebtij mali.<\/p>","protected":false},"excerpt":{"rendered":"<p>Prej 9 dit\u00ebsh n\u00ebn \u201cpushtetin\u201d e flak\u00ebve, shuhet sot zjarri n\u00eb malin e Tomorrit. Nga flak\u00ebt q\u00eb u p\u00ebrhap\u00ebn me shpejt\u00ebsi, u dogj nj\u00eb pasuri komb\u00ebtare prej rreth 25 hektar\u00eb pyje. P\u00ebr disa dit\u00eb radhazi forcat zjarrfik\u00ebse dhe ato t\u00eb ushtris\u00eb punuan pa nd\u00ebrprerje p\u00ebr shuarjen e zjarrit masiv. P\u00ebr shkak t\u00eb terrenit malor, zjarrfik\u00ebset [&hellip;]<\/p>\n","protected":false},"author":2031,"featured_media":192263,"comment_status":"closed","ping_status":"closed","sticky":false,"template":"","format":"standard","meta":{"footnotes":""},"categories":[231],"tags":[],"class_list":{"0":"post-192262","1":"post","2":"type-post","3":"status-publish","4":"format-standard","5":"has-post-thumbnail","7":"category-lajme"},"_links":{"self":[{"href":"https:\/\/zjarr.tv\/en\/wp-json\/wp\/v2\/posts\/192262","targetHints":{"allow":["GET"]}}],"collection":[{"href":"https:\/\/zjarr.tv\/en\/wp-json\/wp\/v2\/posts"}],"about":[{"href":"https:\/\/zjarr.tv\/en\/wp-json\/wp\/v2\/types\/post"}],"author":[{"embeddable":true,"href":"https:\/\/zjarr.tv\/en\/wp-json\/wp\/v2\/users\/2031"}],"replies":[{"embeddable":true,"href":"https:\/\/zjarr.tv\/en\/wp-json\/wp\/v2\/comments?post=192262"}],"version-history":[{"count":0,"href":"https:\/\/zjarr.tv\/en\/wp-json\/wp\/v2\/posts\/192262\/revisions"}],"wp:featuredmedia":[{"embeddable":true,"href":"https:\/\/zjarr.tv\/en\/wp-json\/wp\/v2\/media\/192263"}],"wp:attachment":[{"href":"https:\/\/zjarr.tv\/en\/wp-json\/wp\/v2\/media?parent=192262"}],"wp:term":[{"taxonomy":"category","embeddable":true,"href":"https:\/\/zjarr.tv\/en\/wp-json\/wp\/v2\/categories?post=192262"},{"taxonomy":"post_tag","embeddable":true,"href":"https:\/\/zjarr.tv\/en\/wp-json\/wp\/v2\/tags?post=192262"}],"curies":[{"name":"wp","href":"https:\/\/api.w.org\/{rel}","templated":true}]}}